{"id":2953,"date":"2023-03-29T15:41:10","date_gmt":"2023-03-29T15:41:10","guid":{"rendered":"https:\/\/climbingfestival-brixen.it\/2-june-hubert-von-goisern-live-in-concert\/"},"modified":"2023-04-21T07:06:49","modified_gmt":"2023-04-21T07:06:49","slug":"2-june-hubert-von-goisern-live-in-concert","status":"publish","type":"post","link":"https:\/\/climbingfestival-brixen.it\/en\/2-june-hubert-von-goisern-live-in-concert\/","title":{"rendered":"2 June: Hubert von Goisern live in concert!"},"content":{"rendered":"\n<div class=\"wp-block-columns is-layout-flex wp-container-core-columns-is-layout-28f84493 wp-block-columns-is-layout-flex\">\n<div class=\"wp-block-column is-layout-flow wp-block-column-is-layout-flow\" style=\"flex-basis:66.66%\">\n<p>On 2 June, just one week before the Boulder World Cup, none other than the well-known Austrian singer-songwriter and world musician Hubert von Goisern will come to Brixen. Hubert von Goisern has been on the road as a musician for more than 30 years &#8211; on stages all over Europe, but also far beyond. In doing so, he has never done what was expected of him and has been consistently successful. From his beginnings as an alpine rocker with the &#8220;Hiatamadl&#8221; to his expeditions to Tibet and Africa, the Linz-Europe tour on a converted cargo ship to the groundbreaking success of &#8220;Brenna tuats guat&#8221;. With his band, he will perform on the very stage where only a few days later (from 9 to 11 June) the world&#8217;s best climbers will be competing for victory in the Boulder World Cup.<\/p>\n\n\n\n<h3 class=\"wp-block-heading\"><strong>Old and new songs<\/strong><\/h3>\n\n\n\n<p>&#8220;Neue Zeichen, alte Zeichen&#8221; is Hubert von Goisern&#8217;s tour motto for 2023. With exciting outlooks, but also with reviews of the past decades of his work. Because the old signs have not lost their validity, and no one knows what the future will bring. One thing is certain: it will be loud, energetic and intense. At least as far as the Austrian&#8217;s musical performance is concerned. Ears open and through &#8211; preferably dancing. Two new recordings by Hubert von Goisern will be released before the tour begins. One is the best-of double album &#8220;Derweil II&#8221; with studio and live tracks from the last fifteen years. And then the soundtrack to the filming of the last concert in 2022 in the Festspielhaus in Salzburg.<\/p>\n\n\n\n<p><strong>Info about the concert<\/strong><\/p>\n\n\n\n<p>Tickets f\u00fcr das Konzert von Hubert von Goisern k\u00f6nnen direkt im Kletterzentrum Vertikale in Brixen oder online erworben werden. Einlass auf das Konzertgel\u00e4nde ist ab 17 Uhr m\u00f6glich: Live-Musik auf der Terrasse mit der Band \u201eJimi Henndreck\u201c ab 17.30 Uhr, Einlass Konzertgel\u00e4nde 18 Uhr. Beginn Konzert: 20 Uhr. Auf dem Gel\u00e4nde sind Speisen und Getr\u00e4nke erh\u00e4ltlich; es herrscht Glasverbot. Die Pl\u00e4tze sind nicht numeriert und k\u00f6nnen frei gew\u00e4hlt werden. Parkm\u00f6glichkeiten gibt es am Priel-Parkplatz (geb\u00fchrenpflichtig, Am Priel 7; Gehminuten: 1), im Parkhaus (geb\u00fchrenpflichtig, Dantestra\u00dfe 13; Gehminuten: 11) oder im Parkhaus Stufels (geb\u00fchrenpflichtig, Battististra\u00dfe 6; Gehminuten: 6). Der QR-Code der Tickets muss am Eingang vorgewiesen werden (entweder am Handy oder ausgedruckt). <\/p>\n\n\n\n<p> <\/p>\n<\/div>\n\n\n\n<div class=\"wp-block-column is-layout-flow wp-block-column-is-layout-flow\" style=\"flex-basis:33.33%\"><\/div>\n<\/div>\n","protected":false},"excerpt":{"rendered":"<p>On 2 June, just one week before the Boulder World Cup, none other than the well-known Austrian singer-songwriter and world musician Hubert von Goisern will come to Brixen. Hubert von Goisern has been on the road as a musician for more than 30 years &#8211; on stages all over Europe, but also far beyond. In [&hellip;]<\/p>\n","protected":false},"author":1,"featured_media":2553,"comment_status":"closed","ping_status":"closed","sticky":false,"template":"","format":"standard","meta":{"_acf_changed":false,"footnotes":""},"categories":[32,1],"tags":[],"class_list":["post-2953","post","type-post","status-publish","format-standard","has-post-thumbnail","hentry","category-pressemeldung-en","category-unkategorisiert"],"acf":[],"yoast_head":"<!-- This site is optimized with the Yoast SEO plugin v26.6 - https:\/\/yoast.com\/wordpress\/plugins\/seo\/ -->\n<title>2 June: Hubert von Goisern live in concert! - Climbingfestival Brixen<\/title>\n<meta name=\"robots\" content=\"index, follow, max-snippet:-1, max-image-preview:large, max-video-preview:-1\" \/>\n<link rel=\"canonical\" href=\"https:\/\/climbingfestival-brixen.it\/en\/2-june-hubert-von-goisern-live-in-concert\/\" \/>\n<meta property=\"og:locale\" content=\"en_US\" \/>\n<meta property=\"og:type\" content=\"article\" \/>\n<meta property=\"og:title\" content=\"2 June: Hubert von Goisern live in concert! - Climbingfestival Brixen\" \/>\n<meta property=\"og:description\" content=\"On 2 June, just one week before the Boulder World Cup, none other than the well-known Austrian singer-songwriter and world musician Hubert von Goisern will come to Brixen. Hubert von Goisern has been on the road as a musician for more than 30 years &#8211; on stages all over Europe, but also far beyond. In [&hellip;]\" \/>\n<meta property=\"og:url\" content=\"https:\/\/climbingfestival-brixen.it\/en\/2-june-hubert-von-goisern-live-in-concert\/\" \/>\n<meta property=\"og:site_name\" content=\"Climbingfestival Brixen\" \/>\n<meta property=\"article:published_time\" content=\"2023-03-29T15:41:10+00:00\" \/>\n<meta property=\"article:modified_time\" content=\"2023-04-21T07:06:49+00:00\" \/>\n<meta property=\"og:image\" content=\"https:\/\/climbingfestival-brixen.it\/wp-content\/uploads\/2023\/03\/c-Stefan-Wascher_BG-1-e1683098608211.jpg\" \/>\n\t<meta property=\"og:image:width\" content=\"1920\" \/>\n\t<meta property=\"og:image:height\" content=\"1280\" \/>\n\t<meta property=\"og:image:type\" content=\"image\/jpeg\" \/>\n<meta name=\"author\" content=\"Webmaster\" \/>\n<meta name=\"twitter:card\" content=\"summary_large_image\" \/>\n<meta name=\"twitter:label1\" content=\"Written by\" \/>\n\t<meta name=\"twitter:data1\" content=\"Webmaster\" \/>\n\t<meta name=\"twitter:label2\" content=\"Est. reading time\" \/>\n\t<meta name=\"twitter:data2\" content=\"2 minutes\" \/>\n<script type=\"application\/ld+json\" class=\"yoast-schema-graph\">{\"@context\":\"https:\/\/schema.org\",\"@graph\":[{\"@type\":\"Article\",\"@id\":\"https:\/\/climbingfestival-brixen.it\/en\/2-june-hubert-von-goisern-live-in-concert\/#article\",\"isPartOf\":{\"@id\":\"https:\/\/climbingfestival-brixen.it\/en\/2-june-hubert-von-goisern-live-in-concert\/\"},\"author\":{\"name\":\"Webmaster\",\"@id\":\"https:\/\/climbingfestival-brixen.it\/en\/#\/schema\/person\/3f844e46455496a5134cf96f99e6a322\"},\"headline\":\"2 June: Hubert von Goisern live in concert!\",\"datePublished\":\"2023-03-29T15:41:10+00:00\",\"dateModified\":\"2023-04-21T07:06:49+00:00\",\"mainEntityOfPage\":{\"@id\":\"https:\/\/climbingfestival-brixen.it\/en\/2-june-hubert-von-goisern-live-in-concert\/\"},\"wordCount\":391,\"publisher\":{\"@id\":\"https:\/\/climbingfestival-brixen.it\/en\/#organization\"},\"image\":{\"@id\":\"https:\/\/climbingfestival-brixen.it\/en\/2-june-hubert-von-goisern-live-in-concert\/#primaryimage\"},\"thumbnailUrl\":\"https:\/\/climbingfestival-brixen.it\/wp-content\/uploads\/2023\/03\/c-Stefan-Wascher_BG-1-e1683098608211.jpg\",\"articleSection\":[\"Pressemeldung-en\",\"Unkategorisiert\"],\"inLanguage\":\"en-US\"},{\"@type\":\"WebPage\",\"@id\":\"https:\/\/climbingfestival-brixen.it\/en\/2-june-hubert-von-goisern-live-in-concert\/\",\"url\":\"https:\/\/climbingfestival-brixen.it\/en\/2-june-hubert-von-goisern-live-in-concert\/\",\"name\":\"2 June: Hubert von Goisern live in concert! - Climbingfestival Brixen\",\"isPartOf\":{\"@id\":\"https:\/\/climbingfestival-brixen.it\/en\/#website\"},\"primaryImageOfPage\":{\"@id\":\"https:\/\/climbingfestival-brixen.it\/en\/2-june-hubert-von-goisern-live-in-concert\/#primaryimage\"},\"image\":{\"@id\":\"https:\/\/climbingfestival-brixen.it\/en\/2-june-hubert-von-goisern-live-in-concert\/#primaryimage\"},\"thumbnailUrl\":\"https:\/\/climbingfestival-brixen.it\/wp-content\/uploads\/2023\/03\/c-Stefan-Wascher_BG-1-e1683098608211.jpg\",\"datePublished\":\"2023-03-29T15:41:10+00:00\",\"dateModified\":\"2023-04-21T07:06:49+00:00\",\"breadcrumb\":{\"@id\":\"https:\/\/climbingfestival-brixen.it\/en\/2-june-hubert-von-goisern-live-in-concert\/#breadcrumb\"},\"inLanguage\":\"en-US\",\"potentialAction\":[{\"@type\":\"ReadAction\",\"target\":[\"https:\/\/climbingfestival-brixen.it\/en\/2-june-hubert-von-goisern-live-in-concert\/\"]}]},{\"@type\":\"ImageObject\",\"inLanguage\":\"en-US\",\"@id\":\"https:\/\/climbingfestival-brixen.it\/en\/2-june-hubert-von-goisern-live-in-concert\/#primaryimage\",\"url\":\"https:\/\/climbingfestival-brixen.it\/wp-content\/uploads\/2023\/03\/c-Stefan-Wascher_BG-1-e1683098608211.jpg\",\"contentUrl\":\"https:\/\/climbingfestival-brixen.it\/wp-content\/uploads\/2023\/03\/c-Stefan-Wascher_BG-1-e1683098608211.jpg\",\"width\":1920,\"height\":1280},{\"@type\":\"BreadcrumbList\",\"@id\":\"https:\/\/climbingfestival-brixen.it\/en\/2-june-hubert-von-goisern-live-in-concert\/#breadcrumb\",\"itemListElement\":[{\"@type\":\"ListItem\",\"position\":1,\"name\":\"Startseite\",\"item\":\"https:\/\/climbingfestival-brixen.it\/en\/\"},{\"@type\":\"ListItem\",\"position\":2,\"name\":\"2 June: Hubert von Goisern live in concert!\"}]},{\"@type\":\"WebSite\",\"@id\":\"https:\/\/climbingfestival-brixen.it\/en\/#website\",\"url\":\"https:\/\/climbingfestival-brixen.it\/en\/\",\"name\":\"Climbingfestival Brixen\",\"description\":\"\",\"publisher\":{\"@id\":\"https:\/\/climbingfestival-brixen.it\/en\/#organization\"},\"potentialAction\":[{\"@type\":\"SearchAction\",\"target\":{\"@type\":\"EntryPoint\",\"urlTemplate\":\"https:\/\/climbingfestival-brixen.it\/en\/?s={search_term_string}\"},\"query-input\":{\"@type\":\"PropertyValueSpecification\",\"valueRequired\":true,\"valueName\":\"search_term_string\"}}],\"inLanguage\":\"en-US\"},{\"@type\":\"Organization\",\"@id\":\"https:\/\/climbingfestival-brixen.it\/en\/#organization\",\"name\":\"Climbingfestival Brixen\",\"url\":\"https:\/\/climbingfestival-brixen.it\/en\/\",\"logo\":{\"@type\":\"ImageObject\",\"inLanguage\":\"en-US\",\"@id\":\"https:\/\/climbingfestival-brixen.it\/en\/#\/schema\/logo\/image\/\",\"url\":\"https:\/\/climbingfestival-brixen.it\/wp-content\/uploads\/2023\/01\/Climbingfestival-Brixen-Logo-Web.png\",\"contentUrl\":\"https:\/\/climbingfestival-brixen.it\/wp-content\/uploads\/2023\/01\/Climbingfestival-Brixen-Logo-Web.png\",\"width\":900,\"height\":273,\"caption\":\"Climbingfestival Brixen\"},\"image\":{\"@id\":\"https:\/\/climbingfestival-brixen.it\/en\/#\/schema\/logo\/image\/\"}},{\"@type\":\"Person\",\"@id\":\"https:\/\/climbingfestival-brixen.it\/en\/#\/schema\/person\/3f844e46455496a5134cf96f99e6a322\",\"name\":\"Webmaster\",\"image\":{\"@type\":\"ImageObject\",\"inLanguage\":\"en-US\",\"@id\":\"https:\/\/climbingfestival-brixen.it\/en\/#\/schema\/person\/image\/\",\"url\":\"https:\/\/secure.gravatar.com\/avatar\/bfa221db63a615db154bcb5b3b83101c01a68321277aead0e6863b31401c514b?s=96&d=mm&r=g\",\"contentUrl\":\"https:\/\/secure.gravatar.com\/avatar\/bfa221db63a615db154bcb5b3b83101c01a68321277aead0e6863b31401c514b?s=96&d=mm&r=g\",\"caption\":\"Webmaster\"},\"sameAs\":[\"https:\/\/climbingfestival-brixen.it\"],\"url\":\"https:\/\/climbingfestival-brixen.it\/en\/author\/markus_fuz\/\"}]}<\/script>\n<!-- \/ Yoast SEO plugin. -->","yoast_head_json":{"title":"2 June: Hubert von Goisern live in concert! - Climbingfestival Brixen","robots":{"index":"index","follow":"follow","max-snippet":"max-snippet:-1","max-image-preview":"max-image-preview:large","max-video-preview":"max-video-preview:-1"},"canonical":"https:\/\/climbingfestival-brixen.it\/en\/2-june-hubert-von-goisern-live-in-concert\/","og_locale":"en_US","og_type":"article","og_title":"2 June: Hubert von Goisern live in concert! - Climbingfestival Brixen","og_description":"On 2 June, just one week before the Boulder World Cup, none other than the well-known Austrian singer-songwriter and world musician Hubert von Goisern will come to Brixen. Hubert von Goisern has been on the road as a musician for more than 30 years &#8211; on stages all over Europe, but also far beyond. In [&hellip;]","og_url":"https:\/\/climbingfestival-brixen.it\/en\/2-june-hubert-von-goisern-live-in-concert\/","og_site_name":"Climbingfestival Brixen","article_published_time":"2023-03-29T15:41:10+00:00","article_modified_time":"2023-04-21T07:06:49+00:00","og_image":[{"width":1920,"height":1280,"url":"https:\/\/climbingfestival-brixen.it\/wp-content\/uploads\/2023\/03\/c-Stefan-Wascher_BG-1-e1683098608211.jpg","type":"image\/jpeg"}],"author":"Webmaster","twitter_card":"summary_large_image","twitter_misc":{"Written by":"Webmaster","Est. reading time":"2 minutes"},"schema":{"@context":"https:\/\/schema.org","@graph":[{"@type":"Article","@id":"https:\/\/climbingfestival-brixen.it\/en\/2-june-hubert-von-goisern-live-in-concert\/#article","isPartOf":{"@id":"https:\/\/climbingfestival-brixen.it\/en\/2-june-hubert-von-goisern-live-in-concert\/"},"author":{"name":"Webmaster","@id":"https:\/\/climbingfestival-brixen.it\/en\/#\/schema\/person\/3f844e46455496a5134cf96f99e6a322"},"headline":"2 June: Hubert von Goisern live in concert!","datePublished":"2023-03-29T15:41:10+00:00","dateModified":"2023-04-21T07:06:49+00:00","mainEntityOfPage":{"@id":"https:\/\/climbingfestival-brixen.it\/en\/2-june-hubert-von-goisern-live-in-concert\/"},"wordCount":391,"publisher":{"@id":"https:\/\/climbingfestival-brixen.it\/en\/#organization"},"image":{"@id":"https:\/\/climbingfestival-brixen.it\/en\/2-june-hubert-von-goisern-live-in-concert\/#primaryimage"},"thumbnailUrl":"https:\/\/climbingfestival-brixen.it\/wp-content\/uploads\/2023\/03\/c-Stefan-Wascher_BG-1-e1683098608211.jpg","articleSection":["Pressemeldung-en","Unkategorisiert"],"inLanguage":"en-US"},{"@type":"WebPage","@id":"https:\/\/climbingfestival-brixen.it\/en\/2-june-hubert-von-goisern-live-in-concert\/","url":"https:\/\/climbingfestival-brixen.it\/en\/2-june-hubert-von-goisern-live-in-concert\/","name":"2 June: Hubert von Goisern live in concert! - Climbingfestival Brixen","isPartOf":{"@id":"https:\/\/climbingfestival-brixen.it\/en\/#website"},"primaryImageOfPage":{"@id":"https:\/\/climbingfestival-brixen.it\/en\/2-june-hubert-von-goisern-live-in-concert\/#primaryimage"},"image":{"@id":"https:\/\/climbingfestival-brixen.it\/en\/2-june-hubert-von-goisern-live-in-concert\/#primaryimage"},"thumbnailUrl":"https:\/\/climbingfestival-brixen.it\/wp-content\/uploads\/2023\/03\/c-Stefan-Wascher_BG-1-e1683098608211.jpg","datePublished":"2023-03-29T15:41:10+00:00","dateModified":"2023-04-21T07:06:49+00:00","breadcrumb":{"@id":"https:\/\/climbingfestival-brixen.it\/en\/2-june-hubert-von-goisern-live-in-concert\/#breadcrumb"},"inLanguage":"en-US","potentialAction":[{"@type":"ReadAction","target":["https:\/\/climbingfestival-brixen.it\/en\/2-june-hubert-von-goisern-live-in-concert\/"]}]},{"@type":"ImageObject","inLanguage":"en-US","@id":"https:\/\/climbingfestival-brixen.it\/en\/2-june-hubert-von-goisern-live-in-concert\/#primaryimage","url":"https:\/\/climbingfestival-brixen.it\/wp-content\/uploads\/2023\/03\/c-Stefan-Wascher_BG-1-e1683098608211.jpg","contentUrl":"https:\/\/climbingfestival-brixen.it\/wp-content\/uploads\/2023\/03\/c-Stefan-Wascher_BG-1-e1683098608211.jpg","width":1920,"height":1280},{"@type":"BreadcrumbList","@id":"https:\/\/climbingfestival-brixen.it\/en\/2-june-hubert-von-goisern-live-in-concert\/#breadcrumb","itemListElement":[{"@type":"ListItem","position":1,"name":"Startseite","item":"https:\/\/climbingfestival-brixen.it\/en\/"},{"@type":"ListItem","position":2,"name":"2 June: Hubert von Goisern live in concert!"}]},{"@type":"WebSite","@id":"https:\/\/climbingfestival-brixen.it\/en\/#website","url":"https:\/\/climbingfestival-brixen.it\/en\/","name":"Climbingfestival Brixen","description":"","publisher":{"@id":"https:\/\/climbingfestival-brixen.it\/en\/#organization"},"potentialAction":[{"@type":"SearchAction","target":{"@type":"EntryPoint","urlTemplate":"https:\/\/climbingfestival-brixen.it\/en\/?s={search_term_string}"},"query-input":{"@type":"PropertyValueSpecification","valueRequired":true,"valueName":"search_term_string"}}],"inLanguage":"en-US"},{"@type":"Organization","@id":"https:\/\/climbingfestival-brixen.it\/en\/#organization","name":"Climbingfestival Brixen","url":"https:\/\/climbingfestival-brixen.it\/en\/","logo":{"@type":"ImageObject","inLanguage":"en-US","@id":"https:\/\/climbingfestival-brixen.it\/en\/#\/schema\/logo\/image\/","url":"https:\/\/climbingfestival-brixen.it\/wp-content\/uploads\/2023\/01\/Climbingfestival-Brixen-Logo-Web.png","contentUrl":"https:\/\/climbingfestival-brixen.it\/wp-content\/uploads\/2023\/01\/Climbingfestival-Brixen-Logo-Web.png","width":900,"height":273,"caption":"Climbingfestival Brixen"},"image":{"@id":"https:\/\/climbingfestival-brixen.it\/en\/#\/schema\/logo\/image\/"}},{"@type":"Person","@id":"https:\/\/climbingfestival-brixen.it\/en\/#\/schema\/person\/3f844e46455496a5134cf96f99e6a322","name":"Webmaster","image":{"@type":"ImageObject","inLanguage":"en-US","@id":"https:\/\/climbingfestival-brixen.it\/en\/#\/schema\/person\/image\/","url":"https:\/\/secure.gravatar.com\/avatar\/bfa221db63a615db154bcb5b3b83101c01a68321277aead0e6863b31401c514b?s=96&d=mm&r=g","contentUrl":"https:\/\/secure.gravatar.com\/avatar\/bfa221db63a615db154bcb5b3b83101c01a68321277aead0e6863b31401c514b?s=96&d=mm&r=g","caption":"Webmaster"},"sameAs":["https:\/\/climbingfestival-brixen.it"],"url":"https:\/\/climbingfestival-brixen.it\/en\/author\/markus_fuz\/"}]}},"_links":{"self":[{"href":"https:\/\/climbingfestival-brixen.it\/en\/wp-json\/wp\/v2\/posts\/2953","targetHints":{"allow":["GET"]}}],"collection":[{"href":"https:\/\/climbingfestival-brixen.it\/en\/wp-json\/wp\/v2\/posts"}],"about":[{"href":"https:\/\/climbingfestival-brixen.it\/en\/wp-json\/wp\/v2\/types\/post"}],"author":[{"embeddable":true,"href":"https:\/\/climbingfestival-brixen.it\/en\/wp-json\/wp\/v2\/users\/1"}],"replies":[{"embeddable":true,"href":"https:\/\/climbingfestival-brixen.it\/en\/wp-json\/wp\/v2\/comments?post=2953"}],"version-history":[{"count":3,"href":"https:\/\/climbingfestival-brixen.it\/en\/wp-json\/wp\/v2\/posts\/2953\/revisions"}],"predecessor-version":[{"id":2956,"href":"https:\/\/climbingfestival-brixen.it\/en\/wp-json\/wp\/v2\/posts\/2953\/revisions\/2956"}],"wp:featuredmedia":[{"embeddable":true,"href":"https:\/\/climbingfestival-brixen.it\/en\/wp-json\/wp\/v2\/media\/2553"}],"wp:attachment":[{"href":"https:\/\/climbingfestival-brixen.it\/en\/wp-json\/wp\/v2\/media?parent=2953"}],"wp:term":[{"taxonomy":"category","embeddable":true,"href":"https:\/\/climbingfestival-brixen.it\/en\/wp-json\/wp\/v2\/categories?post=2953"},{"taxonomy":"post_tag","embeddable":true,"href":"https:\/\/climbingfestival-brixen.it\/en\/wp-json\/wp\/v2\/tags?post=2953"}],"curies":[{"name":"wp","href":"https:\/\/api.w.org\/{rel}","templated":true}]}}