{"id":1236,"date":"2023-03-07T14:07:00","date_gmt":"2023-03-07T14:07:00","guid":{"rendered":"https:\/\/climbingfestival-brixen.it\/la-coppa-del-mondo-boulder-sta-per-tornare\/"},"modified":"2023-03-13T10:56:18","modified_gmt":"2023-03-13T10:56:18","slug":"la-coppa-del-mondo-boulder-sta-per-tornare","status":"publish","type":"post","link":"https:\/\/climbingfestival-brixen.it\/it\/la-coppa-del-mondo-boulder-sta-per-tornare\/","title":{"rendered":"La Coppa del Mondo Boulder sta per tornare!"},"content":{"rendered":"\n<p>Nel calendario di Coppa del Mondo recentemente pubblicato, la gara di Bressanone \u00e8 iscritta per il 9, 10 e 11 giugno. &#8220;Non riusciamo ancora a credere che la Vertikale ospiter\u00e0 ancora una volta l&#8217;elite internazionale dell&#8217;arrampicata&#8221;, affermano felici gli organizzatori Ralf Preindl, Alexandra Ladurner e G\u00fcnther Meraner. A giugno, per la prima volta, si \u00e8 svolta a Bressanone una Coppa del Mondo di Boulder: circa 200 atleti provenienti da 34 nazioni erano al via a Bressanone e sono rimasti entusiasti della struttura e dell&#8217;ottima organizzazione. &#8220;Per l&#8217;edizione di quest&#8217;anno abbiamo avuto solo 3 mesi per organizzare l&#8217;evento a livello internazionale: un compito erculeo. Ora possiamo gi\u00e0 iniziare i primi preparativi&#8221;, ha dichiarato Preindl. Nonostante il feedback positivo sull&#8217;evento di giugno, gli organizzatori si sono posti degli standard elevati per la prossima edizione. Dovr\u00e0 essere ancora una volta una competizione unica &#8211; per gli spettatori, per gli atleti e anche per l&#8217;organizzazione. I`Alpenverein S\u00fcdtirol e la citt\u00e0 di Bressanone hanno gi\u00e0 dimostrato di essere in grado di organizzare un evento sportivo di cos\u00ec alto livello. &#8220;Ora dobbiamo mantenere questo livello e addirittura migliorarlo, con motivazione, know-how e passione&#8221;, si rallegra Alexandra Ladurner. Nel frattempo, gli appassionati di arrampicata possono segnare in agenda il fine settimana di giugno, quando si tratter\u00e0 ancora una volta di fare il tifo per i migliori boulderisti del mondo.<\/p>\n","protected":false},"excerpt":{"rendered":"<p>Nel calendario di Coppa del Mondo recentemente pubblicato, la gara di Bressanone \u00e8 iscritta per il 9, 10 e 11 giugno. &#8220;Non riusciamo ancora a credere che la Vertikale ospiter\u00e0 ancora una volta l&#8217;elite internazionale dell&#8217;arrampicata&#8221;, affermano felici gli organizzatori Ralf Preindl, Alexandra Ladurner e G\u00fcnther Meraner. A giugno, per la prima volta, si \u00e8 [&hellip;]<\/p>\n","protected":false},"author":1,"featured_media":1242,"comment_status":"closed","ping_status":"closed","sticky":false,"template":"","format":"standard","meta":{"_acf_changed":false,"footnotes":""},"categories":[12,33],"tags":[],"class_list":["post-1236","post","type-post","status-publish","format-standard","has-post-thumbnail","hentry","category-non-categorizzato","category-pressemeldung-it"],"acf":[],"yoast_head":"<!-- This site is optimized with the Yoast SEO plugin v26.6 - https:\/\/yoast.com\/wordpress\/plugins\/seo\/ -->\n<title>La Coppa del Mondo Boulder sta per tornare! - Climbingfestival Brixen<\/title>\n<meta name=\"robots\" content=\"index, follow, max-snippet:-1, max-image-preview:large, max-video-preview:-1\" \/>\n<link rel=\"canonical\" href=\"https:\/\/climbingfestival-brixen.it\/it\/la-coppa-del-mondo-boulder-sta-per-tornare\/\" \/>\n<meta property=\"og:locale\" content=\"it_IT\" \/>\n<meta property=\"og:type\" content=\"article\" \/>\n<meta property=\"og:title\" content=\"La Coppa del Mondo Boulder sta per tornare! - Climbingfestival Brixen\" \/>\n<meta property=\"og:description\" content=\"Nel calendario di Coppa del Mondo recentemente pubblicato, la gara di Bressanone \u00e8 iscritta per il 9, 10 e 11 giugno. &#8220;Non riusciamo ancora a credere che la Vertikale ospiter\u00e0 ancora una volta l&#8217;elite internazionale dell&#8217;arrampicata&#8221;, affermano felici gli organizzatori Ralf Preindl, Alexandra Ladurner e G\u00fcnther Meraner. A giugno, per la prima volta, si \u00e8 [&hellip;]\" \/>\n<meta property=\"og:url\" content=\"https:\/\/climbingfestival-brixen.it\/it\/la-coppa-del-mondo-boulder-sta-per-tornare\/\" \/>\n<meta property=\"og:site_name\" content=\"Climbingfestival Brixen\" \/>\n<meta property=\"article:published_time\" content=\"2023-03-07T14:07:00+00:00\" \/>\n<meta property=\"article:modified_time\" content=\"2023-03-13T10:56:18+00:00\" \/>\n<meta property=\"og:image\" content=\"https:\/\/climbingfestival-brixen.it\/wp-content\/uploads\/2023\/03\/Filip_Schenk_\u00a9_Freiundzeit_img.jpg\" \/>\n\t<meta property=\"og:image:width\" content=\"1920\" \/>\n\t<meta property=\"og:image:height\" content=\"1280\" \/>\n\t<meta property=\"og:image:type\" content=\"image\/jpeg\" \/>\n<meta name=\"author\" content=\"Webmaster\" \/>\n<meta name=\"twitter:card\" content=\"summary_large_image\" \/>\n<meta name=\"twitter:label1\" content=\"Scritto da\" \/>\n\t<meta name=\"twitter:data1\" content=\"Webmaster\" \/>\n\t<meta name=\"twitter:label2\" content=\"Tempo di lettura stimato\" \/>\n\t<meta name=\"twitter:data2\" content=\"1 minuto\" \/>\n<script type=\"application\/ld+json\" class=\"yoast-schema-graph\">{\"@context\":\"https:\/\/schema.org\",\"@graph\":[{\"@type\":\"Article\",\"@id\":\"https:\/\/climbingfestival-brixen.it\/it\/la-coppa-del-mondo-boulder-sta-per-tornare\/#article\",\"isPartOf\":{\"@id\":\"https:\/\/climbingfestival-brixen.it\/it\/la-coppa-del-mondo-boulder-sta-per-tornare\/\"},\"author\":{\"name\":\"Webmaster\",\"@id\":\"https:\/\/climbingfestival-brixen.it\/it\/#\/schema\/person\/3f844e46455496a5134cf96f99e6a322\"},\"headline\":\"La Coppa del Mondo Boulder sta per tornare!\",\"datePublished\":\"2023-03-07T14:07:00+00:00\",\"dateModified\":\"2023-03-13T10:56:18+00:00\",\"mainEntityOfPage\":{\"@id\":\"https:\/\/climbingfestival-brixen.it\/it\/la-coppa-del-mondo-boulder-sta-per-tornare\/\"},\"wordCount\":233,\"publisher\":{\"@id\":\"https:\/\/climbingfestival-brixen.it\/it\/#organization\"},\"image\":{\"@id\":\"https:\/\/climbingfestival-brixen.it\/it\/la-coppa-del-mondo-boulder-sta-per-tornare\/#primaryimage\"},\"thumbnailUrl\":\"https:\/\/climbingfestival-brixen.it\/wp-content\/uploads\/2023\/03\/Filip_Schenk_\u00a9_Freiundzeit_img.jpg\",\"articleSection\":[\"Non categorizzato\",\"Pressemeldung-it\"],\"inLanguage\":\"it-IT\"},{\"@type\":\"WebPage\",\"@id\":\"https:\/\/climbingfestival-brixen.it\/it\/la-coppa-del-mondo-boulder-sta-per-tornare\/\",\"url\":\"https:\/\/climbingfestival-brixen.it\/it\/la-coppa-del-mondo-boulder-sta-per-tornare\/\",\"name\":\"La Coppa del Mondo Boulder sta per tornare! - Climbingfestival Brixen\",\"isPartOf\":{\"@id\":\"https:\/\/climbingfestival-brixen.it\/it\/#website\"},\"primaryImageOfPage\":{\"@id\":\"https:\/\/climbingfestival-brixen.it\/it\/la-coppa-del-mondo-boulder-sta-per-tornare\/#primaryimage\"},\"image\":{\"@id\":\"https:\/\/climbingfestival-brixen.it\/it\/la-coppa-del-mondo-boulder-sta-per-tornare\/#primaryimage\"},\"thumbnailUrl\":\"https:\/\/climbingfestival-brixen.it\/wp-content\/uploads\/2023\/03\/Filip_Schenk_\u00a9_Freiundzeit_img.jpg\",\"datePublished\":\"2023-03-07T14:07:00+00:00\",\"dateModified\":\"2023-03-13T10:56:18+00:00\",\"breadcrumb\":{\"@id\":\"https:\/\/climbingfestival-brixen.it\/it\/la-coppa-del-mondo-boulder-sta-per-tornare\/#breadcrumb\"},\"inLanguage\":\"it-IT\",\"potentialAction\":[{\"@type\":\"ReadAction\",\"target\":[\"https:\/\/climbingfestival-brixen.it\/it\/la-coppa-del-mondo-boulder-sta-per-tornare\/\"]}]},{\"@type\":\"ImageObject\",\"inLanguage\":\"it-IT\",\"@id\":\"https:\/\/climbingfestival-brixen.it\/it\/la-coppa-del-mondo-boulder-sta-per-tornare\/#primaryimage\",\"url\":\"https:\/\/climbingfestival-brixen.it\/wp-content\/uploads\/2023\/03\/Filip_Schenk_\u00a9_Freiundzeit_img.jpg\",\"contentUrl\":\"https:\/\/climbingfestival-brixen.it\/wp-content\/uploads\/2023\/03\/Filip_Schenk_\u00a9_Freiundzeit_img.jpg\",\"width\":1920,\"height\":1280},{\"@type\":\"BreadcrumbList\",\"@id\":\"https:\/\/climbingfestival-brixen.it\/it\/la-coppa-del-mondo-boulder-sta-per-tornare\/#breadcrumb\",\"itemListElement\":[{\"@type\":\"ListItem\",\"position\":1,\"name\":\"Startseite\",\"item\":\"https:\/\/climbingfestival-brixen.it\/it\/\"},{\"@type\":\"ListItem\",\"position\":2,\"name\":\"La Coppa del Mondo Boulder sta per tornare!\"}]},{\"@type\":\"WebSite\",\"@id\":\"https:\/\/climbingfestival-brixen.it\/it\/#website\",\"url\":\"https:\/\/climbingfestival-brixen.it\/it\/\",\"name\":\"Climbingfestival Brixen\",\"description\":\"\",\"publisher\":{\"@id\":\"https:\/\/climbingfestival-brixen.it\/it\/#organization\"},\"potentialAction\":[{\"@type\":\"SearchAction\",\"target\":{\"@type\":\"EntryPoint\",\"urlTemplate\":\"https:\/\/climbingfestival-brixen.it\/it\/?s={search_term_string}\"},\"query-input\":{\"@type\":\"PropertyValueSpecification\",\"valueRequired\":true,\"valueName\":\"search_term_string\"}}],\"inLanguage\":\"it-IT\"},{\"@type\":\"Organization\",\"@id\":\"https:\/\/climbingfestival-brixen.it\/it\/#organization\",\"name\":\"Climbingfestival Brixen\",\"url\":\"https:\/\/climbingfestival-brixen.it\/it\/\",\"logo\":{\"@type\":\"ImageObject\",\"inLanguage\":\"it-IT\",\"@id\":\"https:\/\/climbingfestival-brixen.it\/it\/#\/schema\/logo\/image\/\",\"url\":\"https:\/\/climbingfestival-brixen.it\/wp-content\/uploads\/2023\/01\/Climbingfestival-Brixen-Logo-Web.png\",\"contentUrl\":\"https:\/\/climbingfestival-brixen.it\/wp-content\/uploads\/2023\/01\/Climbingfestival-Brixen-Logo-Web.png\",\"width\":900,\"height\":273,\"caption\":\"Climbingfestival Brixen\"},\"image\":{\"@id\":\"https:\/\/climbingfestival-brixen.it\/it\/#\/schema\/logo\/image\/\"}},{\"@type\":\"Person\",\"@id\":\"https:\/\/climbingfestival-brixen.it\/it\/#\/schema\/person\/3f844e46455496a5134cf96f99e6a322\",\"name\":\"Webmaster\",\"image\":{\"@type\":\"ImageObject\",\"inLanguage\":\"it-IT\",\"@id\":\"https:\/\/climbingfestival-brixen.it\/it\/#\/schema\/person\/image\/\",\"url\":\"https:\/\/secure.gravatar.com\/avatar\/bfa221db63a615db154bcb5b3b83101c01a68321277aead0e6863b31401c514b?s=96&d=mm&r=g\",\"contentUrl\":\"https:\/\/secure.gravatar.com\/avatar\/bfa221db63a615db154bcb5b3b83101c01a68321277aead0e6863b31401c514b?s=96&d=mm&r=g\",\"caption\":\"Webmaster\"},\"sameAs\":[\"https:\/\/climbingfestival-brixen.it\"],\"url\":\"https:\/\/climbingfestival-brixen.it\/it\/author\/markus_fuz\/\"}]}<\/script>\n<!-- \/ Yoast SEO plugin. -->","yoast_head_json":{"title":"La Coppa del Mondo Boulder sta per tornare! - Climbingfestival Brixen","robots":{"index":"index","follow":"follow","max-snippet":"max-snippet:-1","max-image-preview":"max-image-preview:large","max-video-preview":"max-video-preview:-1"},"canonical":"https:\/\/climbingfestival-brixen.it\/it\/la-coppa-del-mondo-boulder-sta-per-tornare\/","og_locale":"it_IT","og_type":"article","og_title":"La Coppa del Mondo Boulder sta per tornare! - Climbingfestival Brixen","og_description":"Nel calendario di Coppa del Mondo recentemente pubblicato, la gara di Bressanone \u00e8 iscritta per il 9, 10 e 11 giugno. &#8220;Non riusciamo ancora a credere che la Vertikale ospiter\u00e0 ancora una volta l&#8217;elite internazionale dell&#8217;arrampicata&#8221;, affermano felici gli organizzatori Ralf Preindl, Alexandra Ladurner e G\u00fcnther Meraner. A giugno, per la prima volta, si \u00e8 [&hellip;]","og_url":"https:\/\/climbingfestival-brixen.it\/it\/la-coppa-del-mondo-boulder-sta-per-tornare\/","og_site_name":"Climbingfestival Brixen","article_published_time":"2023-03-07T14:07:00+00:00","article_modified_time":"2023-03-13T10:56:18+00:00","og_image":[{"width":1920,"height":1280,"url":"https:\/\/climbingfestival-brixen.it\/wp-content\/uploads\/2023\/03\/Filip_Schenk_\u00a9_Freiundzeit_img.jpg","type":"image\/jpeg"}],"author":"Webmaster","twitter_card":"summary_large_image","twitter_misc":{"Scritto da":"Webmaster","Tempo di lettura stimato":"1 minuto"},"schema":{"@context":"https:\/\/schema.org","@graph":[{"@type":"Article","@id":"https:\/\/climbingfestival-brixen.it\/it\/la-coppa-del-mondo-boulder-sta-per-tornare\/#article","isPartOf":{"@id":"https:\/\/climbingfestival-brixen.it\/it\/la-coppa-del-mondo-boulder-sta-per-tornare\/"},"author":{"name":"Webmaster","@id":"https:\/\/climbingfestival-brixen.it\/it\/#\/schema\/person\/3f844e46455496a5134cf96f99e6a322"},"headline":"La Coppa del Mondo Boulder sta per tornare!","datePublished":"2023-03-07T14:07:00+00:00","dateModified":"2023-03-13T10:56:18+00:00","mainEntityOfPage":{"@id":"https:\/\/climbingfestival-brixen.it\/it\/la-coppa-del-mondo-boulder-sta-per-tornare\/"},"wordCount":233,"publisher":{"@id":"https:\/\/climbingfestival-brixen.it\/it\/#organization"},"image":{"@id":"https:\/\/climbingfestival-brixen.it\/it\/la-coppa-del-mondo-boulder-sta-per-tornare\/#primaryimage"},"thumbnailUrl":"https:\/\/climbingfestival-brixen.it\/wp-content\/uploads\/2023\/03\/Filip_Schenk_\u00a9_Freiundzeit_img.jpg","articleSection":["Non categorizzato","Pressemeldung-it"],"inLanguage":"it-IT"},{"@type":"WebPage","@id":"https:\/\/climbingfestival-brixen.it\/it\/la-coppa-del-mondo-boulder-sta-per-tornare\/","url":"https:\/\/climbingfestival-brixen.it\/it\/la-coppa-del-mondo-boulder-sta-per-tornare\/","name":"La Coppa del Mondo Boulder sta per tornare! - Climbingfestival Brixen","isPartOf":{"@id":"https:\/\/climbingfestival-brixen.it\/it\/#website"},"primaryImageOfPage":{"@id":"https:\/\/climbingfestival-brixen.it\/it\/la-coppa-del-mondo-boulder-sta-per-tornare\/#primaryimage"},"image":{"@id":"https:\/\/climbingfestival-brixen.it\/it\/la-coppa-del-mondo-boulder-sta-per-tornare\/#primaryimage"},"thumbnailUrl":"https:\/\/climbingfestival-brixen.it\/wp-content\/uploads\/2023\/03\/Filip_Schenk_\u00a9_Freiundzeit_img.jpg","datePublished":"2023-03-07T14:07:00+00:00","dateModified":"2023-03-13T10:56:18+00:00","breadcrumb":{"@id":"https:\/\/climbingfestival-brixen.it\/it\/la-coppa-del-mondo-boulder-sta-per-tornare\/#breadcrumb"},"inLanguage":"it-IT","potentialAction":[{"@type":"ReadAction","target":["https:\/\/climbingfestival-brixen.it\/it\/la-coppa-del-mondo-boulder-sta-per-tornare\/"]}]},{"@type":"ImageObject","inLanguage":"it-IT","@id":"https:\/\/climbingfestival-brixen.it\/it\/la-coppa-del-mondo-boulder-sta-per-tornare\/#primaryimage","url":"https:\/\/climbingfestival-brixen.it\/wp-content\/uploads\/2023\/03\/Filip_Schenk_\u00a9_Freiundzeit_img.jpg","contentUrl":"https:\/\/climbingfestival-brixen.it\/wp-content\/uploads\/2023\/03\/Filip_Schenk_\u00a9_Freiundzeit_img.jpg","width":1920,"height":1280},{"@type":"BreadcrumbList","@id":"https:\/\/climbingfestival-brixen.it\/it\/la-coppa-del-mondo-boulder-sta-per-tornare\/#breadcrumb","itemListElement":[{"@type":"ListItem","position":1,"name":"Startseite","item":"https:\/\/climbingfestival-brixen.it\/it\/"},{"@type":"ListItem","position":2,"name":"La Coppa del Mondo Boulder sta per tornare!"}]},{"@type":"WebSite","@id":"https:\/\/climbingfestival-brixen.it\/it\/#website","url":"https:\/\/climbingfestival-brixen.it\/it\/","name":"Climbingfestival Brixen","description":"","publisher":{"@id":"https:\/\/climbingfestival-brixen.it\/it\/#organization"},"potentialAction":[{"@type":"SearchAction","target":{"@type":"EntryPoint","urlTemplate":"https:\/\/climbingfestival-brixen.it\/it\/?s={search_term_string}"},"query-input":{"@type":"PropertyValueSpecification","valueRequired":true,"valueName":"search_term_string"}}],"inLanguage":"it-IT"},{"@type":"Organization","@id":"https:\/\/climbingfestival-brixen.it\/it\/#organization","name":"Climbingfestival Brixen","url":"https:\/\/climbingfestival-brixen.it\/it\/","logo":{"@type":"ImageObject","inLanguage":"it-IT","@id":"https:\/\/climbingfestival-brixen.it\/it\/#\/schema\/logo\/image\/","url":"https:\/\/climbingfestival-brixen.it\/wp-content\/uploads\/2023\/01\/Climbingfestival-Brixen-Logo-Web.png","contentUrl":"https:\/\/climbingfestival-brixen.it\/wp-content\/uploads\/2023\/01\/Climbingfestival-Brixen-Logo-Web.png","width":900,"height":273,"caption":"Climbingfestival Brixen"},"image":{"@id":"https:\/\/climbingfestival-brixen.it\/it\/#\/schema\/logo\/image\/"}},{"@type":"Person","@id":"https:\/\/climbingfestival-brixen.it\/it\/#\/schema\/person\/3f844e46455496a5134cf96f99e6a322","name":"Webmaster","image":{"@type":"ImageObject","inLanguage":"it-IT","@id":"https:\/\/climbingfestival-brixen.it\/it\/#\/schema\/person\/image\/","url":"https:\/\/secure.gravatar.com\/avatar\/bfa221db63a615db154bcb5b3b83101c01a68321277aead0e6863b31401c514b?s=96&d=mm&r=g","contentUrl":"https:\/\/secure.gravatar.com\/avatar\/bfa221db63a615db154bcb5b3b83101c01a68321277aead0e6863b31401c514b?s=96&d=mm&r=g","caption":"Webmaster"},"sameAs":["https:\/\/climbingfestival-brixen.it"],"url":"https:\/\/climbingfestival-brixen.it\/it\/author\/markus_fuz\/"}]}},"_links":{"self":[{"href":"https:\/\/climbingfestival-brixen.it\/it\/wp-json\/wp\/v2\/posts\/1236","targetHints":{"allow":["GET"]}}],"collection":[{"href":"https:\/\/climbingfestival-brixen.it\/it\/wp-json\/wp\/v2\/posts"}],"about":[{"href":"https:\/\/climbingfestival-brixen.it\/it\/wp-json\/wp\/v2\/types\/post"}],"author":[{"embeddable":true,"href":"https:\/\/climbingfestival-brixen.it\/it\/wp-json\/wp\/v2\/users\/1"}],"replies":[{"embeddable":true,"href":"https:\/\/climbingfestival-brixen.it\/it\/wp-json\/wp\/v2\/comments?post=1236"}],"version-history":[{"count":1,"href":"https:\/\/climbingfestival-brixen.it\/it\/wp-json\/wp\/v2\/posts\/1236\/revisions"}],"predecessor-version":[{"id":1237,"href":"https:\/\/climbingfestival-brixen.it\/it\/wp-json\/wp\/v2\/posts\/1236\/revisions\/1237"}],"wp:featuredmedia":[{"embeddable":true,"href":"https:\/\/climbingfestival-brixen.it\/it\/wp-json\/wp\/v2\/media\/1242"}],"wp:attachment":[{"href":"https:\/\/climbingfestival-brixen.it\/it\/wp-json\/wp\/v2\/media?parent=1236"}],"wp:term":[{"taxonomy":"category","embeddable":true,"href":"https:\/\/climbingfestival-brixen.it\/it\/wp-json\/wp\/v2\/categories?post=1236"},{"taxonomy":"post_tag","embeddable":true,"href":"https:\/\/climbingfestival-brixen.it\/it\/wp-json\/wp\/v2\/tags?post=1236"}],"curies":[{"name":"wp","href":"https:\/\/api.w.org\/{rel}","templated":true}]}}