{"id":2733,"date":"2023-04-04T12:50:56","date_gmt":"2023-04-04T12:50:56","guid":{"rendered":"https:\/\/climbingfestival-brixen.it\/bressanone-si-rallegra-per-il-ritorno-della-grande-festa-dellarrampicata\/"},"modified":"2023-04-04T12:53:14","modified_gmt":"2023-04-04T12:53:14","slug":"bressanone-si-rallegra-per-il-ritorno-della-grande-festa-dellarrampicata","status":"publish","type":"post","link":"https:\/\/climbingfestival-brixen.it\/it\/bressanone-si-rallegra-per-il-ritorno-della-grande-festa-dellarrampicata\/","title":{"rendered":"Bressanone si rallegra per il ritorno della grande festa dell&#8217;arrampicata"},"content":{"rendered":"\n<p>Con diverse iniziative negli anni passati Bressanone si \u00e8 creata la nomea di citt\u00e0 dove il tema \u201cmontagna\u201d ha un ruolo centrale. La Coppa del mondo di boulder rientra alla perfezione in quest\u2019immagine, sebbene il grande evento ai primi di giugno del 2022 si fosse disputato nella citt\u00e0 vescovile per un caso del destino. Dopo l\u2019invasione russa in Ucraina, la tappa a Mosca era stata cancellata e assegnata su due piedi a Bressanone. Grazie alla perfetta organizzazione di questa prima esperienza, a medio termine la tappa altoatesina potrebbe diventare un appuntamento fisso nel calendario internazionale. Questo potrebbe essere l\u2019obiettivo per il futuro del team capitanato da Ralf Preindl e Alexandra Ladurner, che con grande impegno ha avviato i preparativi per la Coppa del mondo di boulder del 2023.<\/p>\n\n<p>\u201cL\u2019anno scorso tutto \u00e8 dovuto avvenire in breve tempo, d\u2019altronde avevamo ricevuto la conferma della Coppa del mondo soltanto in marzo. In seguito tutta l\u2019organizzazione si \u00e8 svolta in soli due mesi. Quest\u2019anno, invece, abbiamo avuto molto pi\u00f9 preavviso e questo ci aiuta molto nella pianificazione di questo grande evento. I preparativi procedono velocemente. Ci rallegriamo moltissimo per la seconda edizione della Coppa del mondo di boulder alla Vertikale di Bressanone. Questa attesa si sente gi\u00e0 anche in citt\u00e0, quando ne parliamo con la gente\u201d, afferma Ralf Preindl, presidente del comitato organizzatore.<\/p>\n\n<h3 class=\"wp-block-heading\">Star a portata di mano a Bressanone<\/h3>\n\n<p>Tutti gli appassionati di arrampicata \u2013 una disciplina che tradizionalmente ha molti appassionati in Alto Adige \u2013 nel secondo fine settimana di giugno avranno la possibilit\u00e0 di trepidare con i campioni durante le loro temerarie salite e nelle loro performance acrobatiche. \u201cNaturalmente speriamo di accogliere a Bressanone i forti atleti giapponesi Yoshiyuki Ogata, Tomoa Narasaki e Kokoro Fujii, cos\u00ec come l\u2019atleta tedesco, beniamino del pubblico e vincitore della scorsa edizione, Yannick Floh\u00e9 e il forte francese Mejdi Schalck. In campo femminile l\u2019anno scorso la vincitrice Natalia Grossmann (USA) aveva entusiasmato il pubblico. Speriamo che ritorni, come anche la sua connazionale Brooke Raboutou, la giapponese Miho Nonaka e la francese Oriane Bertone\u201d, spiega Alexandra Ladurner che per anni \u00e8 stata lei stessa una delle arrampicatrici pi\u00f9 forti d\u2019Italia.<\/p>\n\n<p>Tra gli atleti locali \u00e8 pressoch\u00e9 certa la partecipazione di Filip Schenk. In agosto il gardenese aveva fatto furore ai Campionati europei di Monaco di Baviera, dove si era messo in luce con grandi prestazioni e, tra l\u2019altro, si era classificato quinto nel boulder. In giugno potrebbe partecipare alla Coppa del mondo \u201cin casa\u201d un altro arrampicatore altoatesino, il gardenese Michael Piccolruaz, rallegrando molto i fan. In campo femminile dovrebbe essere certa la presenza di Camilla Moroni e Giorgia Tesio. Chi saranno gli altri azzurri e le altre azzurre in gara a Bressanone, per assicurarsi punti importanti per la Coppa del mondo, sar\u00e0 stabilito nelle prossime settimane.<\/p>\n\n<h3 class=\"wp-block-heading\">Un ricco programma d\u2019intrattenimento. Iniziata la vendita dei biglietti<\/h3>\n\n<p>Per quanto riguarda la sesta tappa della Coppa del mondo 2023, competizione che si aprir\u00e0 il 21 aprile con la prima tappa a Hachioji (Giappone), gli organizzatori brissinesi puntano su eccezionali prestazioni sportive, ma anche su un ricco programma d\u2019intrattenimento. Per esempio venerd\u00ec 2 giugno, una settimana prima dell\u2019inizio delle competizioni, il popolare cantautore austriaco Hubert von Goisern dar\u00e0 un concerto all\u2019aria aperta presso la Vertikale. Gioved\u00ec 8 giugno, sempre alla Vertikale, sar\u00e0 organizzata una serata cinema a ingresso gratuito, durante la quale sar\u00e0 proiettato un film di montagna. Nella serata di venerd\u00ec 9 giugno, dopo le sessioni di qualificazione, la band \u201cSpremuta\u201d si esibir\u00e0 dal vivo e porter\u00e0 aria di festa, mentre sabato 10 giugno saranno gli \u201cShanty Powa\u201d e un dj a far ballare la Vertikale.<\/p>\n\n<p>I biglietti per la Coppa del mondo di boulder a Bressanone, cos\u00ec come per il concerto di Hubert von Goisern sono gi\u00e0 disponibili sul sito ufficiale della manifestazione <a href=\"https:\/\/climbingfestival-brixen.it\/it\/biglietti\/\">https:\/\/climbingfestival-brixen.it\/it\/biglietti\/<\/a>.<\/p>\n","protected":false},"excerpt":{"rendered":"<p>Con diverse iniziative negli anni passati Bressanone si \u00e8 creata la nomea di citt\u00e0 dove il tema \u201cmontagna\u201d ha un ruolo centrale. La Coppa del mondo di boulder rientra alla perfezione in quest\u2019immagine, sebbene il grande evento ai primi di giugno del 2022 si fosse disputato nella citt\u00e0 vescovile per un caso del destino. Dopo [&hellip;]<\/p>\n","protected":false},"author":1,"featured_media":2727,"comment_status":"closed","ping_status":"closed","sticky":false,"template":"","format":"standard","meta":{"_acf_changed":false,"footnotes":""},"categories":[33],"tags":[],"class_list":["post-2733","post","type-post","status-publish","format-standard","has-post-thumbnail","hentry","category-pressemeldung-it"],"acf":[],"yoast_head":"<!-- This site is optimized with the Yoast SEO plugin v26.6 - https:\/\/yoast.com\/wordpress\/plugins\/seo\/ -->\n<title>Bressanone si rallegra per il ritorno della grande festa dell&#039;arrampicata - Climbingfestival Brixen<\/title>\n<meta name=\"robots\" content=\"index, follow, max-snippet:-1, max-image-preview:large, max-video-preview:-1\" \/>\n<link rel=\"canonical\" href=\"https:\/\/climbingfestival-brixen.it\/it\/bressanone-si-rallegra-per-il-ritorno-della-grande-festa-dellarrampicata\/\" \/>\n<meta property=\"og:locale\" content=\"it_IT\" \/>\n<meta property=\"og:type\" content=\"article\" \/>\n<meta property=\"og:title\" content=\"Bressanone si rallegra per il ritorno della grande festa dell&#039;arrampicata - Climbingfestival Brixen\" \/>\n<meta property=\"og:description\" content=\"Con diverse iniziative negli anni passati Bressanone si \u00e8 creata la nomea di citt\u00e0 dove il tema \u201cmontagna\u201d ha un ruolo centrale. La Coppa del mondo di boulder rientra alla perfezione in quest\u2019immagine, sebbene il grande evento ai primi di giugno del 2022 si fosse disputato nella citt\u00e0 vescovile per un caso del destino. Dopo [&hellip;]\" \/>\n<meta property=\"og:url\" content=\"https:\/\/climbingfestival-brixen.it\/it\/bressanone-si-rallegra-per-il-ritorno-della-grande-festa-dellarrampicata\/\" \/>\n<meta property=\"og:site_name\" content=\"Climbingfestival Brixen\" \/>\n<meta property=\"article:published_time\" content=\"2023-04-04T12:50:56+00:00\" \/>\n<meta property=\"article:modified_time\" content=\"2023-04-04T12:53:14+00:00\" \/>\n<meta property=\"og:image\" content=\"https:\/\/climbingfestival-brixen.it\/wp-content\/uploads\/2023\/04\/Jakob_Schubert_Austria_Boulder_WC_Brixen-Bressanone-opt.jpg\" \/>\n\t<meta property=\"og:image:width\" content=\"1920\" \/>\n\t<meta property=\"og:image:height\" content=\"1281\" \/>\n\t<meta property=\"og:image:type\" content=\"image\/jpeg\" \/>\n<meta name=\"author\" content=\"Webmaster\" \/>\n<meta name=\"twitter:card\" content=\"summary_large_image\" \/>\n<meta name=\"twitter:label1\" content=\"Scritto da\" \/>\n\t<meta name=\"twitter:data1\" content=\"Webmaster\" \/>\n\t<meta name=\"twitter:label2\" content=\"Tempo di lettura stimato\" \/>\n\t<meta name=\"twitter:data2\" content=\"3 minuti\" \/>\n<script type=\"application\/ld+json\" class=\"yoast-schema-graph\">{\"@context\":\"https:\/\/schema.org\",\"@graph\":[{\"@type\":\"Article\",\"@id\":\"https:\/\/climbingfestival-brixen.it\/it\/bressanone-si-rallegra-per-il-ritorno-della-grande-festa-dellarrampicata\/#article\",\"isPartOf\":{\"@id\":\"https:\/\/climbingfestival-brixen.it\/it\/bressanone-si-rallegra-per-il-ritorno-della-grande-festa-dellarrampicata\/\"},\"author\":{\"name\":\"Webmaster\",\"@id\":\"https:\/\/climbingfestival-brixen.it\/it\/#\/schema\/person\/3f844e46455496a5134cf96f99e6a322\"},\"headline\":\"Bressanone si rallegra per il ritorno della grande festa dell&#8217;arrampicata\",\"datePublished\":\"2023-04-04T12:50:56+00:00\",\"dateModified\":\"2023-04-04T12:53:14+00:00\",\"mainEntityOfPage\":{\"@id\":\"https:\/\/climbingfestival-brixen.it\/it\/bressanone-si-rallegra-per-il-ritorno-della-grande-festa-dellarrampicata\/\"},\"wordCount\":642,\"publisher\":{\"@id\":\"https:\/\/climbingfestival-brixen.it\/it\/#organization\"},\"image\":{\"@id\":\"https:\/\/climbingfestival-brixen.it\/it\/bressanone-si-rallegra-per-il-ritorno-della-grande-festa-dellarrampicata\/#primaryimage\"},\"thumbnailUrl\":\"https:\/\/climbingfestival-brixen.it\/wp-content\/uploads\/2023\/04\/Jakob_Schubert_Austria_Boulder_WC_Brixen-Bressanone-opt.jpg\",\"articleSection\":[\"Pressemeldung-it\"],\"inLanguage\":\"it-IT\"},{\"@type\":\"WebPage\",\"@id\":\"https:\/\/climbingfestival-brixen.it\/it\/bressanone-si-rallegra-per-il-ritorno-della-grande-festa-dellarrampicata\/\",\"url\":\"https:\/\/climbingfestival-brixen.it\/it\/bressanone-si-rallegra-per-il-ritorno-della-grande-festa-dellarrampicata\/\",\"name\":\"Bressanone si rallegra per il ritorno della grande festa dell'arrampicata - Climbingfestival Brixen\",\"isPartOf\":{\"@id\":\"https:\/\/climbingfestival-brixen.it\/it\/#website\"},\"primaryImageOfPage\":{\"@id\":\"https:\/\/climbingfestival-brixen.it\/it\/bressanone-si-rallegra-per-il-ritorno-della-grande-festa-dellarrampicata\/#primaryimage\"},\"image\":{\"@id\":\"https:\/\/climbingfestival-brixen.it\/it\/bressanone-si-rallegra-per-il-ritorno-della-grande-festa-dellarrampicata\/#primaryimage\"},\"thumbnailUrl\":\"https:\/\/climbingfestival-brixen.it\/wp-content\/uploads\/2023\/04\/Jakob_Schubert_Austria_Boulder_WC_Brixen-Bressanone-opt.jpg\",\"datePublished\":\"2023-04-04T12:50:56+00:00\",\"dateModified\":\"2023-04-04T12:53:14+00:00\",\"breadcrumb\":{\"@id\":\"https:\/\/climbingfestival-brixen.it\/it\/bressanone-si-rallegra-per-il-ritorno-della-grande-festa-dellarrampicata\/#breadcrumb\"},\"inLanguage\":\"it-IT\",\"potentialAction\":[{\"@type\":\"ReadAction\",\"target\":[\"https:\/\/climbingfestival-brixen.it\/it\/bressanone-si-rallegra-per-il-ritorno-della-grande-festa-dellarrampicata\/\"]}]},{\"@type\":\"ImageObject\",\"inLanguage\":\"it-IT\",\"@id\":\"https:\/\/climbingfestival-brixen.it\/it\/bressanone-si-rallegra-per-il-ritorno-della-grande-festa-dellarrampicata\/#primaryimage\",\"url\":\"https:\/\/climbingfestival-brixen.it\/wp-content\/uploads\/2023\/04\/Jakob_Schubert_Austria_Boulder_WC_Brixen-Bressanone-opt.jpg\",\"contentUrl\":\"https:\/\/climbingfestival-brixen.it\/wp-content\/uploads\/2023\/04\/Jakob_Schubert_Austria_Boulder_WC_Brixen-Bressanone-opt.jpg\",\"width\":1920,\"height\":1281},{\"@type\":\"BreadcrumbList\",\"@id\":\"https:\/\/climbingfestival-brixen.it\/it\/bressanone-si-rallegra-per-il-ritorno-della-grande-festa-dellarrampicata\/#breadcrumb\",\"itemListElement\":[{\"@type\":\"ListItem\",\"position\":1,\"name\":\"Startseite\",\"item\":\"https:\/\/climbingfestival-brixen.it\/it\/\"},{\"@type\":\"ListItem\",\"position\":2,\"name\":\"Bressanone si rallegra per il ritorno della grande festa dell&#8217;arrampicata\"}]},{\"@type\":\"WebSite\",\"@id\":\"https:\/\/climbingfestival-brixen.it\/it\/#website\",\"url\":\"https:\/\/climbingfestival-brixen.it\/it\/\",\"name\":\"Climbingfestival Brixen\",\"description\":\"\",\"publisher\":{\"@id\":\"https:\/\/climbingfestival-brixen.it\/it\/#organization\"},\"potentialAction\":[{\"@type\":\"SearchAction\",\"target\":{\"@type\":\"EntryPoint\",\"urlTemplate\":\"https:\/\/climbingfestival-brixen.it\/it\/?s={search_term_string}\"},\"query-input\":{\"@type\":\"PropertyValueSpecification\",\"valueRequired\":true,\"valueName\":\"search_term_string\"}}],\"inLanguage\":\"it-IT\"},{\"@type\":\"Organization\",\"@id\":\"https:\/\/climbingfestival-brixen.it\/it\/#organization\",\"name\":\"Climbingfestival Brixen\",\"url\":\"https:\/\/climbingfestival-brixen.it\/it\/\",\"logo\":{\"@type\":\"ImageObject\",\"inLanguage\":\"it-IT\",\"@id\":\"https:\/\/climbingfestival-brixen.it\/it\/#\/schema\/logo\/image\/\",\"url\":\"https:\/\/climbingfestival-brixen.it\/wp-content\/uploads\/2023\/01\/Climbingfestival-Brixen-Logo-Web.png\",\"contentUrl\":\"https:\/\/climbingfestival-brixen.it\/wp-content\/uploads\/2023\/01\/Climbingfestival-Brixen-Logo-Web.png\",\"width\":900,\"height\":273,\"caption\":\"Climbingfestival Brixen\"},\"image\":{\"@id\":\"https:\/\/climbingfestival-brixen.it\/it\/#\/schema\/logo\/image\/\"}},{\"@type\":\"Person\",\"@id\":\"https:\/\/climbingfestival-brixen.it\/it\/#\/schema\/person\/3f844e46455496a5134cf96f99e6a322\",\"name\":\"Webmaster\",\"image\":{\"@type\":\"ImageObject\",\"inLanguage\":\"it-IT\",\"@id\":\"https:\/\/climbingfestival-brixen.it\/it\/#\/schema\/person\/image\/\",\"url\":\"https:\/\/secure.gravatar.com\/avatar\/bfa221db63a615db154bcb5b3b83101c01a68321277aead0e6863b31401c514b?s=96&d=mm&r=g\",\"contentUrl\":\"https:\/\/secure.gravatar.com\/avatar\/bfa221db63a615db154bcb5b3b83101c01a68321277aead0e6863b31401c514b?s=96&d=mm&r=g\",\"caption\":\"Webmaster\"},\"sameAs\":[\"https:\/\/climbingfestival-brixen.it\"],\"url\":\"https:\/\/climbingfestival-brixen.it\/it\/author\/markus_fuz\/\"}]}<\/script>\n<!-- \/ Yoast SEO plugin. -->","yoast_head_json":{"title":"Bressanone si rallegra per il ritorno della grande festa dell'arrampicata - Climbingfestival Brixen","robots":{"index":"index","follow":"follow","max-snippet":"max-snippet:-1","max-image-preview":"max-image-preview:large","max-video-preview":"max-video-preview:-1"},"canonical":"https:\/\/climbingfestival-brixen.it\/it\/bressanone-si-rallegra-per-il-ritorno-della-grande-festa-dellarrampicata\/","og_locale":"it_IT","og_type":"article","og_title":"Bressanone si rallegra per il ritorno della grande festa dell'arrampicata - Climbingfestival Brixen","og_description":"Con diverse iniziative negli anni passati Bressanone si \u00e8 creata la nomea di citt\u00e0 dove il tema \u201cmontagna\u201d ha un ruolo centrale. La Coppa del mondo di boulder rientra alla perfezione in quest\u2019immagine, sebbene il grande evento ai primi di giugno del 2022 si fosse disputato nella citt\u00e0 vescovile per un caso del destino. Dopo [&hellip;]","og_url":"https:\/\/climbingfestival-brixen.it\/it\/bressanone-si-rallegra-per-il-ritorno-della-grande-festa-dellarrampicata\/","og_site_name":"Climbingfestival Brixen","article_published_time":"2023-04-04T12:50:56+00:00","article_modified_time":"2023-04-04T12:53:14+00:00","og_image":[{"width":1920,"height":1281,"url":"https:\/\/climbingfestival-brixen.it\/wp-content\/uploads\/2023\/04\/Jakob_Schubert_Austria_Boulder_WC_Brixen-Bressanone-opt.jpg","type":"image\/jpeg"}],"author":"Webmaster","twitter_card":"summary_large_image","twitter_misc":{"Scritto da":"Webmaster","Tempo di lettura stimato":"3 minuti"},"schema":{"@context":"https:\/\/schema.org","@graph":[{"@type":"Article","@id":"https:\/\/climbingfestival-brixen.it\/it\/bressanone-si-rallegra-per-il-ritorno-della-grande-festa-dellarrampicata\/#article","isPartOf":{"@id":"https:\/\/climbingfestival-brixen.it\/it\/bressanone-si-rallegra-per-il-ritorno-della-grande-festa-dellarrampicata\/"},"author":{"name":"Webmaster","@id":"https:\/\/climbingfestival-brixen.it\/it\/#\/schema\/person\/3f844e46455496a5134cf96f99e6a322"},"headline":"Bressanone si rallegra per il ritorno della grande festa dell&#8217;arrampicata","datePublished":"2023-04-04T12:50:56+00:00","dateModified":"2023-04-04T12:53:14+00:00","mainEntityOfPage":{"@id":"https:\/\/climbingfestival-brixen.it\/it\/bressanone-si-rallegra-per-il-ritorno-della-grande-festa-dellarrampicata\/"},"wordCount":642,"publisher":{"@id":"https:\/\/climbingfestival-brixen.it\/it\/#organization"},"image":{"@id":"https:\/\/climbingfestival-brixen.it\/it\/bressanone-si-rallegra-per-il-ritorno-della-grande-festa-dellarrampicata\/#primaryimage"},"thumbnailUrl":"https:\/\/climbingfestival-brixen.it\/wp-content\/uploads\/2023\/04\/Jakob_Schubert_Austria_Boulder_WC_Brixen-Bressanone-opt.jpg","articleSection":["Pressemeldung-it"],"inLanguage":"it-IT"},{"@type":"WebPage","@id":"https:\/\/climbingfestival-brixen.it\/it\/bressanone-si-rallegra-per-il-ritorno-della-grande-festa-dellarrampicata\/","url":"https:\/\/climbingfestival-brixen.it\/it\/bressanone-si-rallegra-per-il-ritorno-della-grande-festa-dellarrampicata\/","name":"Bressanone si rallegra per il ritorno della grande festa dell'arrampicata - Climbingfestival Brixen","isPartOf":{"@id":"https:\/\/climbingfestival-brixen.it\/it\/#website"},"primaryImageOfPage":{"@id":"https:\/\/climbingfestival-brixen.it\/it\/bressanone-si-rallegra-per-il-ritorno-della-grande-festa-dellarrampicata\/#primaryimage"},"image":{"@id":"https:\/\/climbingfestival-brixen.it\/it\/bressanone-si-rallegra-per-il-ritorno-della-grande-festa-dellarrampicata\/#primaryimage"},"thumbnailUrl":"https:\/\/climbingfestival-brixen.it\/wp-content\/uploads\/2023\/04\/Jakob_Schubert_Austria_Boulder_WC_Brixen-Bressanone-opt.jpg","datePublished":"2023-04-04T12:50:56+00:00","dateModified":"2023-04-04T12:53:14+00:00","breadcrumb":{"@id":"https:\/\/climbingfestival-brixen.it\/it\/bressanone-si-rallegra-per-il-ritorno-della-grande-festa-dellarrampicata\/#breadcrumb"},"inLanguage":"it-IT","potentialAction":[{"@type":"ReadAction","target":["https:\/\/climbingfestival-brixen.it\/it\/bressanone-si-rallegra-per-il-ritorno-della-grande-festa-dellarrampicata\/"]}]},{"@type":"ImageObject","inLanguage":"it-IT","@id":"https:\/\/climbingfestival-brixen.it\/it\/bressanone-si-rallegra-per-il-ritorno-della-grande-festa-dellarrampicata\/#primaryimage","url":"https:\/\/climbingfestival-brixen.it\/wp-content\/uploads\/2023\/04\/Jakob_Schubert_Austria_Boulder_WC_Brixen-Bressanone-opt.jpg","contentUrl":"https:\/\/climbingfestival-brixen.it\/wp-content\/uploads\/2023\/04\/Jakob_Schubert_Austria_Boulder_WC_Brixen-Bressanone-opt.jpg","width":1920,"height":1281},{"@type":"BreadcrumbList","@id":"https:\/\/climbingfestival-brixen.it\/it\/bressanone-si-rallegra-per-il-ritorno-della-grande-festa-dellarrampicata\/#breadcrumb","itemListElement":[{"@type":"ListItem","position":1,"name":"Startseite","item":"https:\/\/climbingfestival-brixen.it\/it\/"},{"@type":"ListItem","position":2,"name":"Bressanone si rallegra per il ritorno della grande festa dell&#8217;arrampicata"}]},{"@type":"WebSite","@id":"https:\/\/climbingfestival-brixen.it\/it\/#website","url":"https:\/\/climbingfestival-brixen.it\/it\/","name":"Climbingfestival Brixen","description":"","publisher":{"@id":"https:\/\/climbingfestival-brixen.it\/it\/#organization"},"potentialAction":[{"@type":"SearchAction","target":{"@type":"EntryPoint","urlTemplate":"https:\/\/climbingfestival-brixen.it\/it\/?s={search_term_string}"},"query-input":{"@type":"PropertyValueSpecification","valueRequired":true,"valueName":"search_term_string"}}],"inLanguage":"it-IT"},{"@type":"Organization","@id":"https:\/\/climbingfestival-brixen.it\/it\/#organization","name":"Climbingfestival Brixen","url":"https:\/\/climbingfestival-brixen.it\/it\/","logo":{"@type":"ImageObject","inLanguage":"it-IT","@id":"https:\/\/climbingfestival-brixen.it\/it\/#\/schema\/logo\/image\/","url":"https:\/\/climbingfestival-brixen.it\/wp-content\/uploads\/2023\/01\/Climbingfestival-Brixen-Logo-Web.png","contentUrl":"https:\/\/climbingfestival-brixen.it\/wp-content\/uploads\/2023\/01\/Climbingfestival-Brixen-Logo-Web.png","width":900,"height":273,"caption":"Climbingfestival Brixen"},"image":{"@id":"https:\/\/climbingfestival-brixen.it\/it\/#\/schema\/logo\/image\/"}},{"@type":"Person","@id":"https:\/\/climbingfestival-brixen.it\/it\/#\/schema\/person\/3f844e46455496a5134cf96f99e6a322","name":"Webmaster","image":{"@type":"ImageObject","inLanguage":"it-IT","@id":"https:\/\/climbingfestival-brixen.it\/it\/#\/schema\/person\/image\/","url":"https:\/\/secure.gravatar.com\/avatar\/bfa221db63a615db154bcb5b3b83101c01a68321277aead0e6863b31401c514b?s=96&d=mm&r=g","contentUrl":"https:\/\/secure.gravatar.com\/avatar\/bfa221db63a615db154bcb5b3b83101c01a68321277aead0e6863b31401c514b?s=96&d=mm&r=g","caption":"Webmaster"},"sameAs":["https:\/\/climbingfestival-brixen.it"],"url":"https:\/\/climbingfestival-brixen.it\/it\/author\/markus_fuz\/"}]}},"_links":{"self":[{"href":"https:\/\/climbingfestival-brixen.it\/it\/wp-json\/wp\/v2\/posts\/2733","targetHints":{"allow":["GET"]}}],"collection":[{"href":"https:\/\/climbingfestival-brixen.it\/it\/wp-json\/wp\/v2\/posts"}],"about":[{"href":"https:\/\/climbingfestival-brixen.it\/it\/wp-json\/wp\/v2\/types\/post"}],"author":[{"embeddable":true,"href":"https:\/\/climbingfestival-brixen.it\/it\/wp-json\/wp\/v2\/users\/1"}],"replies":[{"embeddable":true,"href":"https:\/\/climbingfestival-brixen.it\/it\/wp-json\/wp\/v2\/comments?post=2733"}],"version-history":[{"count":1,"href":"https:\/\/climbingfestival-brixen.it\/it\/wp-json\/wp\/v2\/posts\/2733\/revisions"}],"predecessor-version":[{"id":2734,"href":"https:\/\/climbingfestival-brixen.it\/it\/wp-json\/wp\/v2\/posts\/2733\/revisions\/2734"}],"wp:featuredmedia":[{"embeddable":true,"href":"https:\/\/climbingfestival-brixen.it\/it\/wp-json\/wp\/v2\/media\/2727"}],"wp:attachment":[{"href":"https:\/\/climbingfestival-brixen.it\/it\/wp-json\/wp\/v2\/media?parent=2733"}],"wp:term":[{"taxonomy":"category","embeddable":true,"href":"https:\/\/climbingfestival-brixen.it\/it\/wp-json\/wp\/v2\/categories?post=2733"},{"taxonomy":"post_tag","embeddable":true,"href":"https:\/\/climbingfestival-brixen.it\/it\/wp-json\/wp\/v2\/tags?post=2733"}],"curies":[{"name":"wp","href":"https:\/\/api.w.org\/{rel}","templated":true}]}}