{"id":2921,"date":"2023-04-20T11:44:10","date_gmt":"2023-04-20T11:44:10","guid":{"rendered":"https:\/\/climbingfestival-brixen.it\/coppa-del-mondo-di-boulder-al-via-in-giappone\/"},"modified":"2023-05-11T15:06:26","modified_gmt":"2023-05-11T15:06:26","slug":"coppa-del-mondo-di-boulder-al-via-in-giappone","status":"publish","type":"post","link":"https:\/\/climbingfestival-brixen.it\/it\/coppa-del-mondo-di-boulder-al-via-in-giappone\/","title":{"rendered":"Coppa del mondo di boulder al via in Giappone"},"content":{"rendered":"\n<p>L\u2019Esforta Arena di Hachioji, in Giappone, questo fine settimana ospiter\u00e0 la prima tappa della stagione 2023 della Coppa del mondo di boulder. Dopo alcune gare in Asia e negli Stati Uniti, ai primi di giugno la carovana del boulder si sposter\u00e0 in Europa. Dal 9 all\u201911 giugno le migliori arrampicatrici e i migliori arrampicatori del mondo potranno essere ammirati di nuovo anche a Bressanone.<\/p>\n\n<p>L\u2019\u00e9lite dell\u2019arrampicata, proveniente da ben 40 Paesi diversi, questo fine settimana sar\u00e0 impegnata a Hachioji. Per le atlete e gli atleti migliori al mondo l\u2019esordio stagionale in Giappone sar\u00e0 importante per capire la propria condizione dopo le estenuanti sessioni di allenamento dei mesi scorsi, anche in vista dei Mondiali che si svolgeranno a Berna dall\u20191 al 12 agosto. All\u2019apertura della stagione a Hachioji prenderanno parte anche due climber altoatesini. I due gardenesi Michael Piccolruaz e Filip Schenk saranno i rappresentanti dell\u2019Italia in campo maschile, mentre in campo femminile saranno impegnate in nazionale Laura Rogora, Camilla Moroni e Giorgia Tesio. <\/p>\n\n<p>Dopo l\u2019esordio a a Hachioji l\u2019\u00e9lite del boulder rimarr\u00e0 in Asia e, una settimana dopo, sar\u00e0 impegnata nella seconda tappa nella capitale sudcoreana Seul. In seguito Schenk e gli altri atleti si sposteranno a Salt Lake City, dove si svolger\u00e0 la terza tappa di boulder (dal 19 al 21 maggio), poi nel primo fine settimana di giugno a Praga avr\u00e0 inizio la tournee europea. Con la tappa di Bressanone dal 9 all\u201911 giugno il tour europeo offrir\u00e0 una chicca che i numerosi tifosi locali e stranieri stanno gi\u00e0 pregustando. Nella citt\u00e0 vescovile i preparativi per la festa internazionale dell\u2019arrampicata stanno procedendo a pieno ritmo da settimane. <\/p>\n\n<p>Appassionare alla Coppa del mondo di Bressanone anche chi non arrampica<\/p>\n\n<p>Gli organizzatori della sezione di Bressanone dell\u2019associazione Alpenverein Ralf Preindl e Alexandra Ladurner per la seconda edizione della Coppa del mondo di Boulder a Bressanone puntano sulle prestazioni sportive, ma non solo. Ritengono sia altrettanto importante anche un ricco programma d\u2019intrattenimento. \u201cVogliamo rivolgerci anche a coloro che finora non hanno avuto molti contatti con l\u2019arrampicata, ma che potrebbero entusiasmarsi per questo fantastico sport grazie alla Coppa del mondo\u201d, spiegano gli organizzatori. Cos\u00ec venerd\u00ec 2 giugno, una settimana prima dell\u2019inizio della Coppa del mondo di boulder a Bressanone, il popolare cantautore austriaco Hubert von Goisern dar\u00e0 un concerto all\u2019aperto presso la Vertikale. Per quanto riguarda gioved\u00ec 8 giugno, invece, il comitato organizzatore \u00e8 riuscito ad aggiudicarsi la prima italiana di \u201cREEL ROCK 17\u201d. In occasione di questo rinomato festival cinematografico, che \u00e8 molto popolare nel mondo dell\u2019arrampicata, i migliori film dell\u2019anno sull\u2019arrampicata e d\u2019avventura in generale saranno proiettati alla Vertikale di Bressanone. Dopo le qualificazioni, venerd\u00ec sera (9 giugno) la band \u201cSpremuta\u201d si esibir\u00e0 dal vivo e porter\u00e0 aria di festa, mentre sabato 10 giugno saranno gli \u201cShanty Powa\u201d e un dj a far ballare la Vertikale.&#13;\n&#13;\nI biglietti per la Coppa del mondo di boulder a Bressanone, cos\u00ec come per il concerto di Hubert von Goisern sono gi\u00e0 disponibili sul sito ufficiale della manifestazione https:\/\/climbingfestival-brixen.it\/it\/biglietti\/.&#13;\n<\/p>\n","protected":false},"excerpt":{"rendered":"<p>L\u2019Esforta Arena di Hachioji, in Giappone, questo fine settimana ospiter\u00e0 la prima tappa della stagione 2023 della Coppa del mondo di boulder. Dopo alcune gare in Asia e negli Stati Uniti, ai primi di giugno la carovana del boulder si sposter\u00e0 in Europa. Dal 9 all\u201911 giugno le migliori arrampicatrici e i migliori arrampicatori del [&hellip;]<\/p>\n","protected":false},"author":3,"featured_media":2912,"comment_status":"closed","ping_status":"closed","sticky":false,"template":"","format":"standard","meta":{"_acf_changed":false,"footnotes":""},"categories":[12,33],"tags":[],"class_list":["post-2921","post","type-post","status-publish","format-standard","has-post-thumbnail","hentry","category-non-categorizzato","category-pressemeldung-it"],"acf":[],"yoast_head":"<!-- This site is optimized with the Yoast SEO plugin v26.6 - https:\/\/yoast.com\/wordpress\/plugins\/seo\/ -->\n<title>Coppa del mondo di boulder al via in Giappone - Climbingfestival Brixen<\/title>\n<meta name=\"robots\" content=\"index, follow, max-snippet:-1, max-image-preview:large, max-video-preview:-1\" \/>\n<link rel=\"canonical\" href=\"https:\/\/climbingfestival-brixen.it\/it\/coppa-del-mondo-di-boulder-al-via-in-giappone\/\" \/>\n<meta property=\"og:locale\" content=\"it_IT\" \/>\n<meta property=\"og:type\" content=\"article\" \/>\n<meta property=\"og:title\" content=\"Coppa del mondo di boulder al via in Giappone - Climbingfestival Brixen\" \/>\n<meta property=\"og:description\" content=\"L\u2019Esforta Arena di Hachioji, in Giappone, questo fine settimana ospiter\u00e0 la prima tappa della stagione 2023 della Coppa del mondo di boulder. Dopo alcune gare in Asia e negli Stati Uniti, ai primi di giugno la carovana del boulder si sposter\u00e0 in Europa. Dal 9 all\u201911 giugno le migliori arrampicatrici e i migliori arrampicatori del [&hellip;]\" \/>\n<meta property=\"og:url\" content=\"https:\/\/climbingfestival-brixen.it\/it\/coppa-del-mondo-di-boulder-al-via-in-giappone\/\" \/>\n<meta property=\"og:site_name\" content=\"Climbingfestival Brixen\" \/>\n<meta property=\"article:published_time\" content=\"2023-04-20T11:44:10+00:00\" \/>\n<meta property=\"article:modified_time\" content=\"2023-05-11T15:06:26+00:00\" \/>\n<meta property=\"og:image\" content=\"https:\/\/climbingfestival-brixen.it\/wp-content\/uploads\/2023\/04\/michael-piccolruaz-boulder-world-cup-brixen-2-683x1024.jpg\" \/>\n\t<meta property=\"og:image:width\" content=\"683\" \/>\n\t<meta property=\"og:image:height\" content=\"1024\" \/>\n\t<meta property=\"og:image:type\" content=\"image\/jpeg\" \/>\n<meta name=\"author\" content=\"Newsmaster\" \/>\n<meta name=\"twitter:card\" content=\"summary_large_image\" \/>\n<meta name=\"twitter:label1\" content=\"Scritto da\" \/>\n\t<meta name=\"twitter:data1\" content=\"Newsmaster\" \/>\n\t<meta name=\"twitter:label2\" content=\"Tempo di lettura stimato\" \/>\n\t<meta name=\"twitter:data2\" content=\"3 minuti\" \/>\n<script type=\"application\/ld+json\" class=\"yoast-schema-graph\">{\"@context\":\"https:\/\/schema.org\",\"@graph\":[{\"@type\":\"Article\",\"@id\":\"https:\/\/climbingfestival-brixen.it\/it\/coppa-del-mondo-di-boulder-al-via-in-giappone\/#article\",\"isPartOf\":{\"@id\":\"https:\/\/climbingfestival-brixen.it\/it\/coppa-del-mondo-di-boulder-al-via-in-giappone\/\"},\"author\":{\"name\":\"Newsmaster\",\"@id\":\"https:\/\/climbingfestival-brixen.it\/it\/#\/schema\/person\/3636f95b1fe4118cfe9a5828eb42d0e0\"},\"headline\":\"Coppa del mondo di boulder al via in Giappone\",\"datePublished\":\"2023-04-20T11:44:10+00:00\",\"dateModified\":\"2023-05-11T15:06:26+00:00\",\"mainEntityOfPage\":{\"@id\":\"https:\/\/climbingfestival-brixen.it\/it\/coppa-del-mondo-di-boulder-al-via-in-giappone\/\"},\"wordCount\":512,\"publisher\":{\"@id\":\"https:\/\/climbingfestival-brixen.it\/it\/#organization\"},\"image\":{\"@id\":\"https:\/\/climbingfestival-brixen.it\/it\/coppa-del-mondo-di-boulder-al-via-in-giappone\/#primaryimage\"},\"thumbnailUrl\":\"https:\/\/climbingfestival-brixen.it\/wp-content\/uploads\/2023\/04\/michael-piccolruaz-boulder-world-cup-brixen-2-e1682072274491.jpg\",\"articleSection\":[\"Non categorizzato\",\"Pressemeldung-it\"],\"inLanguage\":\"it-IT\"},{\"@type\":\"WebPage\",\"@id\":\"https:\/\/climbingfestival-brixen.it\/it\/coppa-del-mondo-di-boulder-al-via-in-giappone\/\",\"url\":\"https:\/\/climbingfestival-brixen.it\/it\/coppa-del-mondo-di-boulder-al-via-in-giappone\/\",\"name\":\"Coppa del mondo di boulder al via in Giappone - Climbingfestival Brixen\",\"isPartOf\":{\"@id\":\"https:\/\/climbingfestival-brixen.it\/it\/#website\"},\"primaryImageOfPage\":{\"@id\":\"https:\/\/climbingfestival-brixen.it\/it\/coppa-del-mondo-di-boulder-al-via-in-giappone\/#primaryimage\"},\"image\":{\"@id\":\"https:\/\/climbingfestival-brixen.it\/it\/coppa-del-mondo-di-boulder-al-via-in-giappone\/#primaryimage\"},\"thumbnailUrl\":\"https:\/\/climbingfestival-brixen.it\/wp-content\/uploads\/2023\/04\/michael-piccolruaz-boulder-world-cup-brixen-2-e1682072274491.jpg\",\"datePublished\":\"2023-04-20T11:44:10+00:00\",\"dateModified\":\"2023-05-11T15:06:26+00:00\",\"breadcrumb\":{\"@id\":\"https:\/\/climbingfestival-brixen.it\/it\/coppa-del-mondo-di-boulder-al-via-in-giappone\/#breadcrumb\"},\"inLanguage\":\"it-IT\",\"potentialAction\":[{\"@type\":\"ReadAction\",\"target\":[\"https:\/\/climbingfestival-brixen.it\/it\/coppa-del-mondo-di-boulder-al-via-in-giappone\/\"]}]},{\"@type\":\"ImageObject\",\"inLanguage\":\"it-IT\",\"@id\":\"https:\/\/climbingfestival-brixen.it\/it\/coppa-del-mondo-di-boulder-al-via-in-giappone\/#primaryimage\",\"url\":\"https:\/\/climbingfestival-brixen.it\/wp-content\/uploads\/2023\/04\/michael-piccolruaz-boulder-world-cup-brixen-2-e1682072274491.jpg\",\"contentUrl\":\"https:\/\/climbingfestival-brixen.it\/wp-content\/uploads\/2023\/04\/michael-piccolruaz-boulder-world-cup-brixen-2-e1682072274491.jpg\",\"width\":5304,\"height\":7952},{\"@type\":\"BreadcrumbList\",\"@id\":\"https:\/\/climbingfestival-brixen.it\/it\/coppa-del-mondo-di-boulder-al-via-in-giappone\/#breadcrumb\",\"itemListElement\":[{\"@type\":\"ListItem\",\"position\":1,\"name\":\"Startseite\",\"item\":\"https:\/\/climbingfestival-brixen.it\/it\/\"},{\"@type\":\"ListItem\",\"position\":2,\"name\":\"Coppa del mondo di boulder al via in Giappone\"}]},{\"@type\":\"WebSite\",\"@id\":\"https:\/\/climbingfestival-brixen.it\/it\/#website\",\"url\":\"https:\/\/climbingfestival-brixen.it\/it\/\",\"name\":\"Climbingfestival Brixen\",\"description\":\"\",\"publisher\":{\"@id\":\"https:\/\/climbingfestival-brixen.it\/it\/#organization\"},\"potentialAction\":[{\"@type\":\"SearchAction\",\"target\":{\"@type\":\"EntryPoint\",\"urlTemplate\":\"https:\/\/climbingfestival-brixen.it\/it\/?s={search_term_string}\"},\"query-input\":{\"@type\":\"PropertyValueSpecification\",\"valueRequired\":true,\"valueName\":\"search_term_string\"}}],\"inLanguage\":\"it-IT\"},{\"@type\":\"Organization\",\"@id\":\"https:\/\/climbingfestival-brixen.it\/it\/#organization\",\"name\":\"Climbingfestival Brixen\",\"url\":\"https:\/\/climbingfestival-brixen.it\/it\/\",\"logo\":{\"@type\":\"ImageObject\",\"inLanguage\":\"it-IT\",\"@id\":\"https:\/\/climbingfestival-brixen.it\/it\/#\/schema\/logo\/image\/\",\"url\":\"https:\/\/climbingfestival-brixen.it\/wp-content\/uploads\/2023\/01\/Climbingfestival-Brixen-Logo-Web.png\",\"contentUrl\":\"https:\/\/climbingfestival-brixen.it\/wp-content\/uploads\/2023\/01\/Climbingfestival-Brixen-Logo-Web.png\",\"width\":900,\"height\":273,\"caption\":\"Climbingfestival Brixen\"},\"image\":{\"@id\":\"https:\/\/climbingfestival-brixen.it\/it\/#\/schema\/logo\/image\/\"}},{\"@type\":\"Person\",\"@id\":\"https:\/\/climbingfestival-brixen.it\/it\/#\/schema\/person\/3636f95b1fe4118cfe9a5828eb42d0e0\",\"name\":\"Newsmaster\",\"image\":{\"@type\":\"ImageObject\",\"inLanguage\":\"it-IT\",\"@id\":\"https:\/\/climbingfestival-brixen.it\/it\/#\/schema\/person\/image\/\",\"url\":\"https:\/\/secure.gravatar.com\/avatar\/110ba64067cdf67b6e574613b844d1cac1af0ad4ec879d451e480d360b9de3df?s=96&d=mm&r=g\",\"contentUrl\":\"https:\/\/secure.gravatar.com\/avatar\/110ba64067cdf67b6e574613b844d1cac1af0ad4ec879d451e480d360b9de3df?s=96&d=mm&r=g\",\"caption\":\"Newsmaster\"},\"url\":\"https:\/\/climbingfestival-brixen.it\/it\/author\/evi\/\"}]}<\/script>\n<!-- \/ Yoast SEO plugin. -->","yoast_head_json":{"title":"Coppa del mondo di boulder al via in Giappone - Climbingfestival Brixen","robots":{"index":"index","follow":"follow","max-snippet":"max-snippet:-1","max-image-preview":"max-image-preview:large","max-video-preview":"max-video-preview:-1"},"canonical":"https:\/\/climbingfestival-brixen.it\/it\/coppa-del-mondo-di-boulder-al-via-in-giappone\/","og_locale":"it_IT","og_type":"article","og_title":"Coppa del mondo di boulder al via in Giappone - Climbingfestival Brixen","og_description":"L\u2019Esforta Arena di Hachioji, in Giappone, questo fine settimana ospiter\u00e0 la prima tappa della stagione 2023 della Coppa del mondo di boulder. Dopo alcune gare in Asia e negli Stati Uniti, ai primi di giugno la carovana del boulder si sposter\u00e0 in Europa. Dal 9 all\u201911 giugno le migliori arrampicatrici e i migliori arrampicatori del [&hellip;]","og_url":"https:\/\/climbingfestival-brixen.it\/it\/coppa-del-mondo-di-boulder-al-via-in-giappone\/","og_site_name":"Climbingfestival Brixen","article_published_time":"2023-04-20T11:44:10+00:00","article_modified_time":"2023-05-11T15:06:26+00:00","og_image":[{"width":683,"height":1024,"url":"https:\/\/climbingfestival-brixen.it\/wp-content\/uploads\/2023\/04\/michael-piccolruaz-boulder-world-cup-brixen-2-683x1024.jpg","type":"image\/jpeg"}],"author":"Newsmaster","twitter_card":"summary_large_image","twitter_misc":{"Scritto da":"Newsmaster","Tempo di lettura stimato":"3 minuti"},"schema":{"@context":"https:\/\/schema.org","@graph":[{"@type":"Article","@id":"https:\/\/climbingfestival-brixen.it\/it\/coppa-del-mondo-di-boulder-al-via-in-giappone\/#article","isPartOf":{"@id":"https:\/\/climbingfestival-brixen.it\/it\/coppa-del-mondo-di-boulder-al-via-in-giappone\/"},"author":{"name":"Newsmaster","@id":"https:\/\/climbingfestival-brixen.it\/it\/#\/schema\/person\/3636f95b1fe4118cfe9a5828eb42d0e0"},"headline":"Coppa del mondo di boulder al via in Giappone","datePublished":"2023-04-20T11:44:10+00:00","dateModified":"2023-05-11T15:06:26+00:00","mainEntityOfPage":{"@id":"https:\/\/climbingfestival-brixen.it\/it\/coppa-del-mondo-di-boulder-al-via-in-giappone\/"},"wordCount":512,"publisher":{"@id":"https:\/\/climbingfestival-brixen.it\/it\/#organization"},"image":{"@id":"https:\/\/climbingfestival-brixen.it\/it\/coppa-del-mondo-di-boulder-al-via-in-giappone\/#primaryimage"},"thumbnailUrl":"https:\/\/climbingfestival-brixen.it\/wp-content\/uploads\/2023\/04\/michael-piccolruaz-boulder-world-cup-brixen-2-e1682072274491.jpg","articleSection":["Non categorizzato","Pressemeldung-it"],"inLanguage":"it-IT"},{"@type":"WebPage","@id":"https:\/\/climbingfestival-brixen.it\/it\/coppa-del-mondo-di-boulder-al-via-in-giappone\/","url":"https:\/\/climbingfestival-brixen.it\/it\/coppa-del-mondo-di-boulder-al-via-in-giappone\/","name":"Coppa del mondo di boulder al via in Giappone - Climbingfestival Brixen","isPartOf":{"@id":"https:\/\/climbingfestival-brixen.it\/it\/#website"},"primaryImageOfPage":{"@id":"https:\/\/climbingfestival-brixen.it\/it\/coppa-del-mondo-di-boulder-al-via-in-giappone\/#primaryimage"},"image":{"@id":"https:\/\/climbingfestival-brixen.it\/it\/coppa-del-mondo-di-boulder-al-via-in-giappone\/#primaryimage"},"thumbnailUrl":"https:\/\/climbingfestival-brixen.it\/wp-content\/uploads\/2023\/04\/michael-piccolruaz-boulder-world-cup-brixen-2-e1682072274491.jpg","datePublished":"2023-04-20T11:44:10+00:00","dateModified":"2023-05-11T15:06:26+00:00","breadcrumb":{"@id":"https:\/\/climbingfestival-brixen.it\/it\/coppa-del-mondo-di-boulder-al-via-in-giappone\/#breadcrumb"},"inLanguage":"it-IT","potentialAction":[{"@type":"ReadAction","target":["https:\/\/climbingfestival-brixen.it\/it\/coppa-del-mondo-di-boulder-al-via-in-giappone\/"]}]},{"@type":"ImageObject","inLanguage":"it-IT","@id":"https:\/\/climbingfestival-brixen.it\/it\/coppa-del-mondo-di-boulder-al-via-in-giappone\/#primaryimage","url":"https:\/\/climbingfestival-brixen.it\/wp-content\/uploads\/2023\/04\/michael-piccolruaz-boulder-world-cup-brixen-2-e1682072274491.jpg","contentUrl":"https:\/\/climbingfestival-brixen.it\/wp-content\/uploads\/2023\/04\/michael-piccolruaz-boulder-world-cup-brixen-2-e1682072274491.jpg","width":5304,"height":7952},{"@type":"BreadcrumbList","@id":"https:\/\/climbingfestival-brixen.it\/it\/coppa-del-mondo-di-boulder-al-via-in-giappone\/#breadcrumb","itemListElement":[{"@type":"ListItem","position":1,"name":"Startseite","item":"https:\/\/climbingfestival-brixen.it\/it\/"},{"@type":"ListItem","position":2,"name":"Coppa del mondo di boulder al via in Giappone"}]},{"@type":"WebSite","@id":"https:\/\/climbingfestival-brixen.it\/it\/#website","url":"https:\/\/climbingfestival-brixen.it\/it\/","name":"Climbingfestival Brixen","description":"","publisher":{"@id":"https:\/\/climbingfestival-brixen.it\/it\/#organization"},"potentialAction":[{"@type":"SearchAction","target":{"@type":"EntryPoint","urlTemplate":"https:\/\/climbingfestival-brixen.it\/it\/?s={search_term_string}"},"query-input":{"@type":"PropertyValueSpecification","valueRequired":true,"valueName":"search_term_string"}}],"inLanguage":"it-IT"},{"@type":"Organization","@id":"https:\/\/climbingfestival-brixen.it\/it\/#organization","name":"Climbingfestival Brixen","url":"https:\/\/climbingfestival-brixen.it\/it\/","logo":{"@type":"ImageObject","inLanguage":"it-IT","@id":"https:\/\/climbingfestival-brixen.it\/it\/#\/schema\/logo\/image\/","url":"https:\/\/climbingfestival-brixen.it\/wp-content\/uploads\/2023\/01\/Climbingfestival-Brixen-Logo-Web.png","contentUrl":"https:\/\/climbingfestival-brixen.it\/wp-content\/uploads\/2023\/01\/Climbingfestival-Brixen-Logo-Web.png","width":900,"height":273,"caption":"Climbingfestival Brixen"},"image":{"@id":"https:\/\/climbingfestival-brixen.it\/it\/#\/schema\/logo\/image\/"}},{"@type":"Person","@id":"https:\/\/climbingfestival-brixen.it\/it\/#\/schema\/person\/3636f95b1fe4118cfe9a5828eb42d0e0","name":"Newsmaster","image":{"@type":"ImageObject","inLanguage":"it-IT","@id":"https:\/\/climbingfestival-brixen.it\/it\/#\/schema\/person\/image\/","url":"https:\/\/secure.gravatar.com\/avatar\/110ba64067cdf67b6e574613b844d1cac1af0ad4ec879d451e480d360b9de3df?s=96&d=mm&r=g","contentUrl":"https:\/\/secure.gravatar.com\/avatar\/110ba64067cdf67b6e574613b844d1cac1af0ad4ec879d451e480d360b9de3df?s=96&d=mm&r=g","caption":"Newsmaster"},"url":"https:\/\/climbingfestival-brixen.it\/it\/author\/evi\/"}]}},"_links":{"self":[{"href":"https:\/\/climbingfestival-brixen.it\/it\/wp-json\/wp\/v2\/posts\/2921","targetHints":{"allow":["GET"]}}],"collection":[{"href":"https:\/\/climbingfestival-brixen.it\/it\/wp-json\/wp\/v2\/posts"}],"about":[{"href":"https:\/\/climbingfestival-brixen.it\/it\/wp-json\/wp\/v2\/types\/post"}],"author":[{"embeddable":true,"href":"https:\/\/climbingfestival-brixen.it\/it\/wp-json\/wp\/v2\/users\/3"}],"replies":[{"embeddable":true,"href":"https:\/\/climbingfestival-brixen.it\/it\/wp-json\/wp\/v2\/comments?post=2921"}],"version-history":[{"count":1,"href":"https:\/\/climbingfestival-brixen.it\/it\/wp-json\/wp\/v2\/posts\/2921\/revisions"}],"predecessor-version":[{"id":2922,"href":"https:\/\/climbingfestival-brixen.it\/it\/wp-json\/wp\/v2\/posts\/2921\/revisions\/2922"}],"wp:featuredmedia":[{"embeddable":true,"href":"https:\/\/climbingfestival-brixen.it\/it\/wp-json\/wp\/v2\/media\/2912"}],"wp:attachment":[{"href":"https:\/\/climbingfestival-brixen.it\/it\/wp-json\/wp\/v2\/media?parent=2921"}],"wp:term":[{"taxonomy":"category","embeddable":true,"href":"https:\/\/climbingfestival-brixen.it\/it\/wp-json\/wp\/v2\/categories?post=2921"},{"taxonomy":"post_tag","embeddable":true,"href":"https:\/\/climbingfestival-brixen.it\/it\/wp-json\/wp\/v2\/tags?post=2921"}],"curies":[{"name":"wp","href":"https:\/\/api.w.org\/{rel}","templated":true}]}}