{"id":3771,"date":"2023-06-10T14:22:47","date_gmt":"2023-06-10T14:22:47","guid":{"rendered":"https:\/\/climbingfestival-brixen.it\/la-semifinale-sorprende-fuori-meul-kruder-e-luo\/"},"modified":"2023-06-10T14:42:32","modified_gmt":"2023-06-10T14:42:32","slug":"la-semifinale-sorprende-fuori-meul-kruder-e-luo","status":"publish","type":"post","link":"https:\/\/climbingfestival-brixen.it\/it\/la-semifinale-sorprende-fuori-meul-kruder-e-luo\/","title":{"rendered":"La semifinale sorprende: fuori Meul, Kruder e Luo"},"content":{"rendered":"\n<p>La seconda giornata della Coppa del mondo di boulder a Bressanone ha preso il via sabato mattina con la semifinale femminile. Di fronte al vasto pubblico presente alla Vertikale le 20 semifinaliste si sono contese i sei biglietti d&#8217;accesso alla finale che si terr\u00e0 sabato a partire dalle ore 20. <\/p>\n\n<p>La seconda giornata della Coppa del mondo di boulder a Bressanone ha preso il via sabato mattina con la semifinale femminile. Di fronte al vasto pubblico presente alla Vertikale le 20 semifinaliste si sono contese i sei biglietti d&#8217;accesso alla finale che si terr\u00e0 sabato a partire dalle ore 20. <\/p>\n\n<p>La statunitense Natalia Grossmann, gi\u00e0 vincitrice della scorsa edizione, \u00e8 stata la migliore tra le semifinaliste: ha risolto tutti e quattro i blocchi in otto tentativi complessivi, di cui due al primo colpo. Ha raggiunto quattro top anche la sudcoreana Chaehyun Seo, alla quale \u00e8 servito un tentativo in pi\u00f9. Tre top e quattro zone sono stati raggiunti dall\u2019atleta serba Stasa Gejo e dall\u2019israeliana Ayala Kerem, entrambe in finale. Gli ultimi due posti della fase conclusiva della competizione sono andati a Oceania Mackenzie (Australia) e a Johanna F\u00e4rber (Austria). Entrambe hanno raggiunto due top e quattro zone, come anche Ryu Nakagawa (Giappone), la seconda classificata della scorsa edizione Hannah Meul (Germania), Julija Kruder (Slovenia) e Sandra Hopfensitz (Germania). A Mackenzie e F\u00e4rber, per\u00f2, sono serviti meno tentativi.&#13;\n&#13;\nNon sar\u00e0 in finale nemmeno Zhilu Luo (Cina), terza nella scorsa edizione. La 17enne si \u00e8 dovuta accontentare di un top e 4 zone e si \u00e8 classificata 14a. Si \u00e8 arrestata in semifinale anche la corsa dell\u2019unica azzurra rimasta in gara, la perugina Miriam Fogu. La 21enne ha raggiunto tre zone, ma nessun top e ha finito la prova in 20a posizione. &#13;\n &#13;\n&#13;\n<\/p>\n\n<p>Stasera a partire dalle ore 20 le sei finaliste saranno impegnate nella sfida che decreter\u00e0 la vincitrice della tappa. Dopo la finale gli \u201cShanty Powa\u201d e un dj faranno ballare tutta la Vertikale. <\/p>\n\n<p><strong>Risultati semifinale Coppa del Mondo Bressanone Donne:<\/strong><\/p>\n\n<p>1. Natalia Grossman (USA) 4T4z 8 5<\/p>\n\n<p>2. Chaehyun Seo (KOR) 4T4z 9 5<\/p>\n\n<p>3. Stasa Gejo (SRB) 3T4z 6 4<\/p>\n\n<p>4. Ayala Kerem (ISR) 3T4z 9 8<\/p>\n\n<p>5. Oceania Mackenzie (AUS) 2T4z 2 4<\/p>\n\n<p>6. Johanna F\u00e4rber (AUT) 2T4z 2 5<\/p>\n","protected":false},"excerpt":{"rendered":"<p>La seconda giornata della Coppa del mondo di boulder a Bressanone ha preso il via sabato mattina con la semifinale femminile. Di fronte al vasto pubblico presente alla Vertikale le 20 semifinaliste si sono contese i sei biglietti d&#8217;accesso alla finale che si terr\u00e0 sabato a partire dalle ore 20. La seconda giornata della Coppa [&hellip;]<\/p>\n","protected":false},"author":3,"featured_media":3766,"comment_status":"closed","ping_status":"closed","sticky":false,"template":"","format":"standard","meta":{"_acf_changed":false,"footnotes":""},"categories":[33],"tags":[],"class_list":["post-3771","post","type-post","status-publish","format-standard","has-post-thumbnail","hentry","category-pressemeldung-it"],"acf":[],"yoast_head":"<!-- This site is optimized with the Yoast SEO plugin v26.6 - https:\/\/yoast.com\/wordpress\/plugins\/seo\/ -->\n<title>La semifinale sorprende: fuori Meul, Kruder e Luo - Climbingfestival Brixen<\/title>\n<meta name=\"robots\" content=\"index, follow, max-snippet:-1, max-image-preview:large, max-video-preview:-1\" \/>\n<link rel=\"canonical\" href=\"https:\/\/climbingfestival-brixen.it\/it\/la-semifinale-sorprende-fuori-meul-kruder-e-luo\/\" \/>\n<meta property=\"og:locale\" content=\"it_IT\" \/>\n<meta property=\"og:type\" content=\"article\" \/>\n<meta property=\"og:title\" content=\"La semifinale sorprende: fuori Meul, Kruder e Luo - Climbingfestival Brixen\" \/>\n<meta property=\"og:description\" content=\"La seconda giornata della Coppa del mondo di boulder a Bressanone ha preso il via sabato mattina con la semifinale femminile. Di fronte al vasto pubblico presente alla Vertikale le 20 semifinaliste si sono contese i sei biglietti d&#8217;accesso alla finale che si terr\u00e0 sabato a partire dalle ore 20. La seconda giornata della Coppa [&hellip;]\" \/>\n<meta property=\"og:url\" content=\"https:\/\/climbingfestival-brixen.it\/it\/la-semifinale-sorprende-fuori-meul-kruder-e-luo\/\" \/>\n<meta property=\"og:site_name\" content=\"Climbingfestival Brixen\" \/>\n<meta property=\"article:published_time\" content=\"2023-06-10T14:22:47+00:00\" \/>\n<meta property=\"article:modified_time\" content=\"2023-06-10T14:42:32+00:00\" \/>\n<meta property=\"og:image\" content=\"https:\/\/climbingfestival-brixen.it\/wp-content\/uploads\/2023\/06\/grossman-e1686406952808.jpg\" \/>\n\t<meta property=\"og:image:width\" content=\"1333\" \/>\n\t<meta property=\"og:image:height\" content=\"2000\" \/>\n\t<meta property=\"og:image:type\" content=\"image\/jpeg\" \/>\n<meta name=\"author\" content=\"Newsmaster\" \/>\n<meta name=\"twitter:card\" content=\"summary_large_image\" \/>\n<meta name=\"twitter:label1\" content=\"Scritto da\" \/>\n\t<meta name=\"twitter:data1\" content=\"Newsmaster\" \/>\n\t<meta name=\"twitter:label2\" content=\"Tempo di lettura stimato\" \/>\n\t<meta name=\"twitter:data2\" content=\"2 minuti\" \/>\n<script type=\"application\/ld+json\" class=\"yoast-schema-graph\">{\"@context\":\"https:\/\/schema.org\",\"@graph\":[{\"@type\":\"Article\",\"@id\":\"https:\/\/climbingfestival-brixen.it\/it\/la-semifinale-sorprende-fuori-meul-kruder-e-luo\/#article\",\"isPartOf\":{\"@id\":\"https:\/\/climbingfestival-brixen.it\/it\/la-semifinale-sorprende-fuori-meul-kruder-e-luo\/\"},\"author\":{\"name\":\"Newsmaster\",\"@id\":\"https:\/\/climbingfestival-brixen.it\/it\/#\/schema\/person\/3636f95b1fe4118cfe9a5828eb42d0e0\"},\"headline\":\"La semifinale sorprende: fuori Meul, Kruder e Luo\",\"datePublished\":\"2023-06-10T14:22:47+00:00\",\"dateModified\":\"2023-06-10T14:42:32+00:00\",\"mainEntityOfPage\":{\"@id\":\"https:\/\/climbingfestival-brixen.it\/it\/la-semifinale-sorprende-fuori-meul-kruder-e-luo\/\"},\"wordCount\":365,\"publisher\":{\"@id\":\"https:\/\/climbingfestival-brixen.it\/it\/#organization\"},\"image\":{\"@id\":\"https:\/\/climbingfestival-brixen.it\/it\/la-semifinale-sorprende-fuori-meul-kruder-e-luo\/#primaryimage\"},\"thumbnailUrl\":\"https:\/\/climbingfestival-brixen.it\/wp-content\/uploads\/2023\/06\/grossman-e1686406952808.jpg\",\"articleSection\":[\"Pressemeldung-it\"],\"inLanguage\":\"it-IT\"},{\"@type\":\"WebPage\",\"@id\":\"https:\/\/climbingfestival-brixen.it\/it\/la-semifinale-sorprende-fuori-meul-kruder-e-luo\/\",\"url\":\"https:\/\/climbingfestival-brixen.it\/it\/la-semifinale-sorprende-fuori-meul-kruder-e-luo\/\",\"name\":\"La semifinale sorprende: fuori Meul, Kruder e Luo - Climbingfestival Brixen\",\"isPartOf\":{\"@id\":\"https:\/\/climbingfestival-brixen.it\/it\/#website\"},\"primaryImageOfPage\":{\"@id\":\"https:\/\/climbingfestival-brixen.it\/it\/la-semifinale-sorprende-fuori-meul-kruder-e-luo\/#primaryimage\"},\"image\":{\"@id\":\"https:\/\/climbingfestival-brixen.it\/it\/la-semifinale-sorprende-fuori-meul-kruder-e-luo\/#primaryimage\"},\"thumbnailUrl\":\"https:\/\/climbingfestival-brixen.it\/wp-content\/uploads\/2023\/06\/grossman-e1686406952808.jpg\",\"datePublished\":\"2023-06-10T14:22:47+00:00\",\"dateModified\":\"2023-06-10T14:42:32+00:00\",\"breadcrumb\":{\"@id\":\"https:\/\/climbingfestival-brixen.it\/it\/la-semifinale-sorprende-fuori-meul-kruder-e-luo\/#breadcrumb\"},\"inLanguage\":\"it-IT\",\"potentialAction\":[{\"@type\":\"ReadAction\",\"target\":[\"https:\/\/climbingfestival-brixen.it\/it\/la-semifinale-sorprende-fuori-meul-kruder-e-luo\/\"]}]},{\"@type\":\"ImageObject\",\"inLanguage\":\"it-IT\",\"@id\":\"https:\/\/climbingfestival-brixen.it\/it\/la-semifinale-sorprende-fuori-meul-kruder-e-luo\/#primaryimage\",\"url\":\"https:\/\/climbingfestival-brixen.it\/wp-content\/uploads\/2023\/06\/grossman-e1686406952808.jpg\",\"contentUrl\":\"https:\/\/climbingfestival-brixen.it\/wp-content\/uploads\/2023\/06\/grossman-e1686406952808.jpg\",\"width\":1333,\"height\":2000},{\"@type\":\"BreadcrumbList\",\"@id\":\"https:\/\/climbingfestival-brixen.it\/it\/la-semifinale-sorprende-fuori-meul-kruder-e-luo\/#breadcrumb\",\"itemListElement\":[{\"@type\":\"ListItem\",\"position\":1,\"name\":\"Startseite\",\"item\":\"https:\/\/climbingfestival-brixen.it\/it\/\"},{\"@type\":\"ListItem\",\"position\":2,\"name\":\"La semifinale sorprende: fuori Meul, Kruder e Luo\"}]},{\"@type\":\"WebSite\",\"@id\":\"https:\/\/climbingfestival-brixen.it\/it\/#website\",\"url\":\"https:\/\/climbingfestival-brixen.it\/it\/\",\"name\":\"Climbingfestival Brixen\",\"description\":\"\",\"publisher\":{\"@id\":\"https:\/\/climbingfestival-brixen.it\/it\/#organization\"},\"potentialAction\":[{\"@type\":\"SearchAction\",\"target\":{\"@type\":\"EntryPoint\",\"urlTemplate\":\"https:\/\/climbingfestival-brixen.it\/it\/?s={search_term_string}\"},\"query-input\":{\"@type\":\"PropertyValueSpecification\",\"valueRequired\":true,\"valueName\":\"search_term_string\"}}],\"inLanguage\":\"it-IT\"},{\"@type\":\"Organization\",\"@id\":\"https:\/\/climbingfestival-brixen.it\/it\/#organization\",\"name\":\"Climbingfestival Brixen\",\"url\":\"https:\/\/climbingfestival-brixen.it\/it\/\",\"logo\":{\"@type\":\"ImageObject\",\"inLanguage\":\"it-IT\",\"@id\":\"https:\/\/climbingfestival-brixen.it\/it\/#\/schema\/logo\/image\/\",\"url\":\"https:\/\/climbingfestival-brixen.it\/wp-content\/uploads\/2023\/01\/Climbingfestival-Brixen-Logo-Web.png\",\"contentUrl\":\"https:\/\/climbingfestival-brixen.it\/wp-content\/uploads\/2023\/01\/Climbingfestival-Brixen-Logo-Web.png\",\"width\":900,\"height\":273,\"caption\":\"Climbingfestival Brixen\"},\"image\":{\"@id\":\"https:\/\/climbingfestival-brixen.it\/it\/#\/schema\/logo\/image\/\"}},{\"@type\":\"Person\",\"@id\":\"https:\/\/climbingfestival-brixen.it\/it\/#\/schema\/person\/3636f95b1fe4118cfe9a5828eb42d0e0\",\"name\":\"Newsmaster\",\"image\":{\"@type\":\"ImageObject\",\"inLanguage\":\"it-IT\",\"@id\":\"https:\/\/climbingfestival-brixen.it\/it\/#\/schema\/person\/image\/\",\"url\":\"https:\/\/secure.gravatar.com\/avatar\/110ba64067cdf67b6e574613b844d1cac1af0ad4ec879d451e480d360b9de3df?s=96&d=mm&r=g\",\"contentUrl\":\"https:\/\/secure.gravatar.com\/avatar\/110ba64067cdf67b6e574613b844d1cac1af0ad4ec879d451e480d360b9de3df?s=96&d=mm&r=g\",\"caption\":\"Newsmaster\"},\"url\":\"https:\/\/climbingfestival-brixen.it\/it\/author\/evi\/\"}]}<\/script>\n<!-- \/ Yoast SEO plugin. -->","yoast_head_json":{"title":"La semifinale sorprende: fuori Meul, Kruder e Luo - Climbingfestival Brixen","robots":{"index":"index","follow":"follow","max-snippet":"max-snippet:-1","max-image-preview":"max-image-preview:large","max-video-preview":"max-video-preview:-1"},"canonical":"https:\/\/climbingfestival-brixen.it\/it\/la-semifinale-sorprende-fuori-meul-kruder-e-luo\/","og_locale":"it_IT","og_type":"article","og_title":"La semifinale sorprende: fuori Meul, Kruder e Luo - Climbingfestival Brixen","og_description":"La seconda giornata della Coppa del mondo di boulder a Bressanone ha preso il via sabato mattina con la semifinale femminile. Di fronte al vasto pubblico presente alla Vertikale le 20 semifinaliste si sono contese i sei biglietti d&#8217;accesso alla finale che si terr\u00e0 sabato a partire dalle ore 20. La seconda giornata della Coppa [&hellip;]","og_url":"https:\/\/climbingfestival-brixen.it\/it\/la-semifinale-sorprende-fuori-meul-kruder-e-luo\/","og_site_name":"Climbingfestival Brixen","article_published_time":"2023-06-10T14:22:47+00:00","article_modified_time":"2023-06-10T14:42:32+00:00","og_image":[{"width":1333,"height":2000,"url":"https:\/\/climbingfestival-brixen.it\/wp-content\/uploads\/2023\/06\/grossman-e1686406952808.jpg","type":"image\/jpeg"}],"author":"Newsmaster","twitter_card":"summary_large_image","twitter_misc":{"Scritto da":"Newsmaster","Tempo di lettura stimato":"2 minuti"},"schema":{"@context":"https:\/\/schema.org","@graph":[{"@type":"Article","@id":"https:\/\/climbingfestival-brixen.it\/it\/la-semifinale-sorprende-fuori-meul-kruder-e-luo\/#article","isPartOf":{"@id":"https:\/\/climbingfestival-brixen.it\/it\/la-semifinale-sorprende-fuori-meul-kruder-e-luo\/"},"author":{"name":"Newsmaster","@id":"https:\/\/climbingfestival-brixen.it\/it\/#\/schema\/person\/3636f95b1fe4118cfe9a5828eb42d0e0"},"headline":"La semifinale sorprende: fuori Meul, Kruder e Luo","datePublished":"2023-06-10T14:22:47+00:00","dateModified":"2023-06-10T14:42:32+00:00","mainEntityOfPage":{"@id":"https:\/\/climbingfestival-brixen.it\/it\/la-semifinale-sorprende-fuori-meul-kruder-e-luo\/"},"wordCount":365,"publisher":{"@id":"https:\/\/climbingfestival-brixen.it\/it\/#organization"},"image":{"@id":"https:\/\/climbingfestival-brixen.it\/it\/la-semifinale-sorprende-fuori-meul-kruder-e-luo\/#primaryimage"},"thumbnailUrl":"https:\/\/climbingfestival-brixen.it\/wp-content\/uploads\/2023\/06\/grossman-e1686406952808.jpg","articleSection":["Pressemeldung-it"],"inLanguage":"it-IT"},{"@type":"WebPage","@id":"https:\/\/climbingfestival-brixen.it\/it\/la-semifinale-sorprende-fuori-meul-kruder-e-luo\/","url":"https:\/\/climbingfestival-brixen.it\/it\/la-semifinale-sorprende-fuori-meul-kruder-e-luo\/","name":"La semifinale sorprende: fuori Meul, Kruder e Luo - Climbingfestival Brixen","isPartOf":{"@id":"https:\/\/climbingfestival-brixen.it\/it\/#website"},"primaryImageOfPage":{"@id":"https:\/\/climbingfestival-brixen.it\/it\/la-semifinale-sorprende-fuori-meul-kruder-e-luo\/#primaryimage"},"image":{"@id":"https:\/\/climbingfestival-brixen.it\/it\/la-semifinale-sorprende-fuori-meul-kruder-e-luo\/#primaryimage"},"thumbnailUrl":"https:\/\/climbingfestival-brixen.it\/wp-content\/uploads\/2023\/06\/grossman-e1686406952808.jpg","datePublished":"2023-06-10T14:22:47+00:00","dateModified":"2023-06-10T14:42:32+00:00","breadcrumb":{"@id":"https:\/\/climbingfestival-brixen.it\/it\/la-semifinale-sorprende-fuori-meul-kruder-e-luo\/#breadcrumb"},"inLanguage":"it-IT","potentialAction":[{"@type":"ReadAction","target":["https:\/\/climbingfestival-brixen.it\/it\/la-semifinale-sorprende-fuori-meul-kruder-e-luo\/"]}]},{"@type":"ImageObject","inLanguage":"it-IT","@id":"https:\/\/climbingfestival-brixen.it\/it\/la-semifinale-sorprende-fuori-meul-kruder-e-luo\/#primaryimage","url":"https:\/\/climbingfestival-brixen.it\/wp-content\/uploads\/2023\/06\/grossman-e1686406952808.jpg","contentUrl":"https:\/\/climbingfestival-brixen.it\/wp-content\/uploads\/2023\/06\/grossman-e1686406952808.jpg","width":1333,"height":2000},{"@type":"BreadcrumbList","@id":"https:\/\/climbingfestival-brixen.it\/it\/la-semifinale-sorprende-fuori-meul-kruder-e-luo\/#breadcrumb","itemListElement":[{"@type":"ListItem","position":1,"name":"Startseite","item":"https:\/\/climbingfestival-brixen.it\/it\/"},{"@type":"ListItem","position":2,"name":"La semifinale sorprende: fuori Meul, Kruder e Luo"}]},{"@type":"WebSite","@id":"https:\/\/climbingfestival-brixen.it\/it\/#website","url":"https:\/\/climbingfestival-brixen.it\/it\/","name":"Climbingfestival Brixen","description":"","publisher":{"@id":"https:\/\/climbingfestival-brixen.it\/it\/#organization"},"potentialAction":[{"@type":"SearchAction","target":{"@type":"EntryPoint","urlTemplate":"https:\/\/climbingfestival-brixen.it\/it\/?s={search_term_string}"},"query-input":{"@type":"PropertyValueSpecification","valueRequired":true,"valueName":"search_term_string"}}],"inLanguage":"it-IT"},{"@type":"Organization","@id":"https:\/\/climbingfestival-brixen.it\/it\/#organization","name":"Climbingfestival Brixen","url":"https:\/\/climbingfestival-brixen.it\/it\/","logo":{"@type":"ImageObject","inLanguage":"it-IT","@id":"https:\/\/climbingfestival-brixen.it\/it\/#\/schema\/logo\/image\/","url":"https:\/\/climbingfestival-brixen.it\/wp-content\/uploads\/2023\/01\/Climbingfestival-Brixen-Logo-Web.png","contentUrl":"https:\/\/climbingfestival-brixen.it\/wp-content\/uploads\/2023\/01\/Climbingfestival-Brixen-Logo-Web.png","width":900,"height":273,"caption":"Climbingfestival Brixen"},"image":{"@id":"https:\/\/climbingfestival-brixen.it\/it\/#\/schema\/logo\/image\/"}},{"@type":"Person","@id":"https:\/\/climbingfestival-brixen.it\/it\/#\/schema\/person\/3636f95b1fe4118cfe9a5828eb42d0e0","name":"Newsmaster","image":{"@type":"ImageObject","inLanguage":"it-IT","@id":"https:\/\/climbingfestival-brixen.it\/it\/#\/schema\/person\/image\/","url":"https:\/\/secure.gravatar.com\/avatar\/110ba64067cdf67b6e574613b844d1cac1af0ad4ec879d451e480d360b9de3df?s=96&d=mm&r=g","contentUrl":"https:\/\/secure.gravatar.com\/avatar\/110ba64067cdf67b6e574613b844d1cac1af0ad4ec879d451e480d360b9de3df?s=96&d=mm&r=g","caption":"Newsmaster"},"url":"https:\/\/climbingfestival-brixen.it\/it\/author\/evi\/"}]}},"_links":{"self":[{"href":"https:\/\/climbingfestival-brixen.it\/it\/wp-json\/wp\/v2\/posts\/3771","targetHints":{"allow":["GET"]}}],"collection":[{"href":"https:\/\/climbingfestival-brixen.it\/it\/wp-json\/wp\/v2\/posts"}],"about":[{"href":"https:\/\/climbingfestival-brixen.it\/it\/wp-json\/wp\/v2\/types\/post"}],"author":[{"embeddable":true,"href":"https:\/\/climbingfestival-brixen.it\/it\/wp-json\/wp\/v2\/users\/3"}],"replies":[{"embeddable":true,"href":"https:\/\/climbingfestival-brixen.it\/it\/wp-json\/wp\/v2\/comments?post=3771"}],"version-history":[{"count":3,"href":"https:\/\/climbingfestival-brixen.it\/it\/wp-json\/wp\/v2\/posts\/3771\/revisions"}],"predecessor-version":[{"id":3780,"href":"https:\/\/climbingfestival-brixen.it\/it\/wp-json\/wp\/v2\/posts\/3771\/revisions\/3780"}],"wp:featuredmedia":[{"embeddable":true,"href":"https:\/\/climbingfestival-brixen.it\/it\/wp-json\/wp\/v2\/media\/3766"}],"wp:attachment":[{"href":"https:\/\/climbingfestival-brixen.it\/it\/wp-json\/wp\/v2\/media?parent=3771"}],"wp:term":[{"taxonomy":"category","embeddable":true,"href":"https:\/\/climbingfestival-brixen.it\/it\/wp-json\/wp\/v2\/categories?post=3771"},{"taxonomy":"post_tag","embeddable":true,"href":"https:\/\/climbingfestival-brixen.it\/it\/wp-json\/wp\/v2\/tags?post=3771"}],"curies":[{"name":"wp","href":"https:\/\/api.w.org\/{rel}","templated":true}]}}